{"id":243020,"date":"2025-07-11T17:51:10","date_gmt":"2025-07-11T17:51:10","guid":{"rendered":"https:\/\/www.europesays.com\/fr\/243020\/"},"modified":"2025-07-11T17:51:10","modified_gmt":"2025-07-11T17:51:10","slug":"la-russie-a-designe-la-france-comme-son-principal-adversaire-en-europe-affirme-le-chef-detat-major-francais","status":"publish","type":"post","link":"https:\/\/www.europesays.com\/fr\/243020\/","title":{"rendered":"La Russie a d\u00e9sign\u00e9 la France comme \u00ab\u00a0son principal adversaire en Europe\u00a0\u00bb, affirme le chef d\u2019\u00e9tat-major fran\u00e7ais"},"content":{"rendered":"<p>Moscou a identifi\u00e9 la France comme \u00e9tant \u00ab\u00a0son principal adversaire en Europe\u00a0\u00bb, a d\u00e9clar\u00e9 vendredi 11\u00a0juillet 2025 le chef d\u2019\u00e9tat-major fran\u00e7ais. \u00ab\u00a0C\u2019est (Vladimir) Poutine qui a dit\u00a0\u00bb cela, a soulign\u00e9 le g\u00e9n\u00e9ral Thierry Burkhard lors d\u2019une rare conf\u00e9rence de presse consacr\u00e9e aux menaces planant sur la France. \u00ab\u00a0Cela ne veut pas dire qu\u2019il ne s\u2019occupe pas des autres pays\u00a0\u00bb, a-t-il ajout\u00e9.<\/p>\n<p>La France, puissance nucl\u00e9aire prot\u00e9g\u00e9e par sa dissuasion, n\u2019est pas menac\u00e9e de \u00ab\u00a0se faire attaquer directement et lourdement sur le territoire national\u00a0\u00bb. Mais la Russie a \u00ab\u00a0beaucoup d\u2019autres options\u00a0\u00bb via des actions hybrides, <a target=\"_self\" href=\"https:\/\/www.lanouvellerepublique.fr\/a-la-une\/espionnage-et-operations-d-ingerence-sont-les-principales-menaces-russes-en-france-selon-la-patronne-de-la-securite-interieure-1741777292\" rel=\"nofollow noopener\">incluant d\u00e9sinformation, cyberattaques ou espionnage<\/a>, a-t-il fait valoir.<\/p>\n<p>D\u00e9sinformation et actes d\u2019espionnage<\/p>\n<p>\u00ab\u00a0Puissance de nuisance\u00a0\u00bb, la Russie \u00ab\u00a0est partie prenante de toutes les menaces\u00a0\u00bb, que ce soit <a target=\"_self\" href=\"https:\/\/www.lanouvellerepublique.fr\/a-la-une\/les-pays-de-la-baltique-discutent-securite-apres-les-sabotages-presumes-1736847601\" rel=\"nofollow noopener\">les sabotages d\u2019infrastructures sous-marines<\/a>, les campagnes de d\u00e9sinformation en France ou en Afrique, des actes d\u2019espionnage, ou encore dans l\u2019espace, avec \u00ab\u00a0les man\u0153uvres de satellites russes soit pour g\u00eaner nos trajectoires de satellites, soit pour s\u2019approcher pour les brouiller, soit pour s\u2019approcher pour les espionner\u00a0\u00bb.<\/p>\n<p>S\u2019agissant des espaces maritimes, le haut grad\u00e9 a \u00e9voqu\u00e9 \u00ab\u00a0les sous-marins nucl\u00e9aires d\u2019attaque russe qui r\u00e9guli\u00e8rement p\u00e9n\u00e8trent en Atlantique Nord et ensuite descendent quelquefois en M\u00e9diterran\u00e9e et qui cherchent \u00e9videmment \u00e0 surveiller les zones qui sont importantes pour nous mais \u00e9galement chez les Britanniques\u00a0\u00bb, un autre soutien majeur de l\u2019Ukraine et une cible importante pour Moscou. \u00ab\u00a0Dans les airs, les frictions, les interactions sont fr\u00e9quentes\u00a0\u00bb, avec les a\u00e9ronefs russes, a-t-il \u00e9galement soulign\u00e9, en mer Noire, \u00ab\u00a0au-dessus de la Syrie\u00a0\u00bb, en M\u00e9diterran\u00e9e, \u00ab\u00a0quelquefois assez loin en Atlantique Nord\u00a0\u00bb.<\/p>\n","protected":false},"excerpt":{"rendered":"Moscou a identifi\u00e9 la France comme \u00e9tant \u00ab\u00a0son principal adversaire en Europe\u00a0\u00bb, a d\u00e9clar\u00e9 vendredi 11\u00a0juillet 2025 le&hellip;\n","protected":false},"author":2,"featured_media":243021,"comment_status":"","ping_status":"","sticky":false,"template":"","format":"standard","meta":{"footnotes":""},"categories":[1591],"tags":[328,11,1813,1887,27,329,74,12,1885,1886,132],"class_list":{"0":"post-243020","1":"post","2":"type-post","3":"status-publish","4":"format-standard","5":"has-post-thumbnail","7":"category-russie","8":"tag-a-la-une","9":"tag-actualites","10":"tag-armee","11":"tag-federation-de-russie","12":"tag-france","13":"tag-france-monde","14":"tag-monde","15":"tag-news","16":"tag-russia","17":"tag-russian-federation","18":"tag-russie"},"share_on_mastodon":{"url":"https:\/\/pubeurope.com\/@fr\/114835874331876222","error":""},"_links":{"self":[{"href":"https:\/\/www.europesays.com\/fr\/wp-json\/wp\/v2\/posts\/243020","targetHints":{"allow":["GET"]}}],"collection":[{"href":"https:\/\/www.europesays.com\/fr\/wp-json\/wp\/v2\/posts"}],"about":[{"href":"https:\/\/www.europesays.com\/fr\/wp-json\/wp\/v2\/types\/post"}],"author":[{"embeddable":true,"href":"https:\/\/www.europesays.com\/fr\/wp-json\/wp\/v2\/users\/2"}],"replies":[{"embeddable":true,"href":"https:\/\/www.europesays.com\/fr\/wp-json\/wp\/v2\/comments?post=243020"}],"version-history":[{"count":0,"href":"https:\/\/www.europesays.com\/fr\/wp-json\/wp\/v2\/posts\/243020\/revisions"}],"wp:featuredmedia":[{"embeddable":true,"href":"https:\/\/www.europesays.com\/fr\/wp-json\/wp\/v2\/media\/243021"}],"wp:attachment":[{"href":"https:\/\/www.europesays.com\/fr\/wp-json\/wp\/v2\/media?parent=243020"}],"wp:term":[{"taxonomy":"category","embeddable":true,"href":"https:\/\/www.europesays.com\/fr\/wp-json\/wp\/v2\/categories?post=243020"},{"taxonomy":"post_tag","embeddable":true,"href":"https:\/\/www.europesays.com\/fr\/wp-json\/wp\/v2\/tags?post=243020"}],"curies":[{"name":"wp","href":"https:\/\/api.w.org\/{rel}","templated":true}]}}