{"id":243025,"date":"2025-07-11T17:54:10","date_gmt":"2025-07-11T17:54:10","guid":{"rendered":"https:\/\/www.europesays.com\/fr\/243025\/"},"modified":"2025-07-11T17:54:10","modified_gmt":"2025-07-11T17:54:10","slug":"la-force-interarmees-franco-britannique-va-prendre-du-volume-et-appuiera-la-coalition-des-volontaires-pour-lukraine","status":"publish","type":"post","link":"https:\/\/www.europesays.com\/fr\/243025\/","title":{"rendered":"La force interarm\u00e9es franco-britannique va prendre du volume et appuiera la Coalition des volontaires pour l&rsquo;Ukraine"},"content":{"rendered":"<p><img fetchpriority=\"high\" decoding=\"async\" src=\"https:\/\/www.europesays.com\/fr\/wp-content\/uploads\/2025\/07\/dragoon-hunt-20250711.jpg\" alt=\"\" width=\"600\" height=\"337\" class=\"alignnone size-full wp-image-82906\"  \/><\/p>\n<p>Apr\u00e8s la signature, en novembre 2010, du trait\u00e9 de Lancaster House, la France et le Royaume-Uni ont cr\u00e9\u00e9 une force exp\u00e9ditionnaire conjointe interarm\u00e9es [CJEF \u2013 Combined Joint Expeditionary Force] qui, forte de 10 000 militaires, doit \u00eatre en mesure de mener des op\u00e9rations \u00e0 terre, en mer et dans les airs, que ce soit au niveau bilat\u00e9ral ou au sein d\u2019une coalition internationale. La validation de son concept final [FVOC \u2013 Full Validation of Concept] a \u00e9t\u00e9 prononc\u00e9e en 2016, au terme de l\u2019exercice Griffin Strike 16. <\/p>\n<p>Le 10 juillet, lors d\u2019une conf\u00e9rence de presse donn\u00e9e au c\u00f4t\u00e9 de Keir Starmer, le Premier ministre britannique, \u00e0 Northwood, \u00e0 l\u2019occasion de sa visite d\u2019\u00c9tat au Royaume-Uni, le pr\u00e9sident Macron a annonc\u00e9 que cette CJEF allait prendre du volume. <\/p>\n<p>\u00ab\u00a0Au plan op\u00e9rationnel, nous avons d\u00e9cid\u00e9 de changer compl\u00e8tement d\u2019\u00e9chelle. La force conjointe, dite CJEF [\u2026], est la base de coop\u00e9rations structurantes. Nous faisons passer cette force conjointe du niveau d\u2019une brigade \u00e0 celui d\u2019un corps d\u2019arm\u00e9e, c\u2019est-\u00e0-dire pouvant aller jusqu\u2019\u00e0 50 000 hommes, capables d\u2019\u00eatre employ\u00e9s dans un engagement majeur, ce qui repr\u00e9sente une multiplication par cinq, avec la France et le Royaume-Uni en noyau dur capable d\u2019agr\u00e9ger d\u2019autres partenaires europ\u00e9ens et d\u2019\u00eatre mis \u00e0 la disposition de l\u2019Alliance\u00a0\u00bb, a d\u00e9clar\u00e9 M. Macron. <\/p>\n<p>Et d\u2019ajouter : \u00ab\u00a0Notre partenariat [avec le Royaume-Uni] donne une cr\u00e9dibilit\u00e9 et une robustesse \u00e0 ce pilier europ\u00e9en de l\u2019Otan sur le plan op\u00e9rationnel et cr\u00e9dibilise aussi l\u2019autonomie strat\u00e9gique dans laquelle nous croyons\u00a0\u00bb. <\/p>\n<p>La CJEF \u00e9tant d\u2019essence interarm\u00e9es, la r\u00e9f\u00e9rence \u00e0 un \u00ab\u00a0corps d\u2019arm\u00e9e\u00a0\u00bb, qui r\u00e9unit plusieurs divisions d\u2019une force terrestre, aurait m\u00e9rit\u00e9 une explication. Celle-ci a \u00e9t\u00e9 donn\u00e9e par la partie britannique, qui a publi\u00e9 le texte de la <a href=\"https:\/\/www.gov.uk\/government\/news\/lancaster-house-20-declaration-on-modernising-uk-french-defence-and-security-cooperation\" target=\"_blank\" rel=\"noopener\">d\u00e9claration<\/a> relative \u00e0 la \u00ab\u00a0modernisation\u00a0\u00bb de la coop\u00e9ration entre la France et le Royaume-Uni en mati\u00e8re de d\u00e9fense. <\/p>\n<p>Ainsi, il est effectivement question d\u2019augmenter \u00ab\u00a0significativement\u00a0\u00bb la capacit\u00e9 d\u00e9clar\u00e9e de la Force interarm\u00e9es conjointe [CJF], en allant jusqu\u2019\u00e0 quintupler son format, afin de \u00ab\u00a0garantir la capacit\u00e9 de planification et de commandement\u00a0\u00bb d\u2019un corps d\u2019arm\u00e9e susceptible de \u00ab\u00a0fournir la composante terrestre d\u2019une force interarm\u00e9es plus large combinant toutes les fonctions militaires\u00a0\u00bb, que ce soit \u00ab\u00a0dans le cadre de l\u2019Otan ou au niveau bilat\u00e9ral\u00a0\u00bb. <\/p>\n<blockquote class=\"twitter-tweet\">\n<p lang=\"fr\" dir=\"ltr\">Avec le Royaume-Uni, nous avons pris des d\u00e9cisions fondamentales pour notre d\u00e9fense. <a href=\"https:\/\/t.co\/OUFkPyRarZ\">pic.twitter.com\/OUFkPyRarZ<\/a><\/p>\n<p>\u2014 Emmanuel Macron (@EmmanuelMacron) <a href=\"https:\/\/twitter.com\/EmmanuelMacron\/status\/1943376816770543667?ref_src=twsrc%5Etfw\" target=\"_blank\" rel=\"noopener\">July 10, 2025<\/a><\/p>\n<\/blockquote>\n<p>Ce renforcement devrait donc concerner avant tout l\u2019arm\u00e9e de Terre, dont la force op\u00e9rationnelle terrestre compte 77 000 soldats, et la British Army, dont le format a \u00e9t\u00e9 r\u00e9duit \u00e0 environ 73 500 hommes au cours de ces derni\u00e8res ann\u00e9es. <\/p>\n<p>En outre, si la CJEF pouvait \u00eatre mobilis\u00e9e pour des op\u00e9rations d\u00e9cid\u00e9es par l\u2019Union europ\u00e9enne [UE] ou les Nations unies, cette CJF devrait se concentrer uniquement sur les missions relevant de l\u2019Otan. <\/p>\n<p>\u00ab\u00a0La CJF facilitera le d\u00e9ploiement d\u2019une force pleinement interop\u00e9rable avec l\u2019Otan\u00a0\u00bb et sera \u00ab\u00a0disponible en tant que r\u00e9serve strat\u00e9gique de l\u2019Alliance\u00a0\u00bb, est-il en effet avanc\u00e9 dans cette d\u00e9claration. <\/p>\n<p>Cela \u00e9tant, cette CJF pourrait aussi constituer le \u00ab\u00a0socle\u00a0\u00bb d\u2019une force susceptible d\u2019\u00eatre d\u00e9ploy\u00e9e en Ukraine sous l\u2019\u00e9gide de la \u00ab\u00a0coalition des volontaires\u00a0\u00bb d\u00e8s qu\u2019un accord de cessez-le-feu sera trouv\u00e9 entre Kiev et Moscou. <\/p>\n<p>D\u2019ailleurs, selon la pr\u00e9sidence fran\u00e7aise, la CJF joue d\u00e9j\u00e0 un r\u00f4le \u00ab\u00a0important dans l\u2019organisation de la Coalition des volontaires\u00a0\u00bb, qui, pour rappel, f\u00e9d\u00e8re une trentaine de pays. Elle pourrait ainsi servir de \u00ab\u00a0noyau de planification des forces de r\u00e9assurance qui pourraient \u00eatre d\u00e9ploy\u00e9es en Ukraine dans le cadre du cessez-le-feu lorsqu\u2019il y en aura un\u00a0\u00bb, a-t-elle expliqu\u00e9. <\/p>\n<p>Le m\u00eame jour, r\u00e9unie \u00e0 Rome \u00e0 l\u2019invitation de Giorgia Meloni, la pr\u00e9sidente du Conseil italien, la Coalition des volontaires pour l\u2019Ukraine a \u00ab\u00a0salu\u00e9 l\u2019\u00e9laboration de plans op\u00e9rationnels solides pour d\u00e9ployer une force de r\u00e9assurance \u2013 la \u2018Force multinationale pour l\u2019Ukraine\u2019 \u2013 une fois les hostilit\u00e9s termin\u00e9es, pour aider \u00e0 s\u00e9curiser les mers et le ciel ukrainiens et r\u00e9g\u00e9n\u00e9rer les forces arm\u00e9es du pays\u00a0\u00bb. <\/p>\n<p>Enfin, elle s\u2019est aussi f\u00e9licit\u00e9e de \u00ab\u00a0la mise en place d\u2019un \u00e9tat-major g\u00e9n\u00e9ral op\u00e9rationnel dirig\u00e9 par le Royaume-Uni et la France pour soutenir les activit\u00e9s de planification, des engagements pris par les partenaires pour contribuer \u00e0 cette force, ainsi que de la volont\u00e9 de l\u2019Ukraine de solliciter le d\u00e9ploiement de cette force et de conclure des accords formels avec les pays participants, le cas \u00e9ch\u00e9ant\u00a0\u00bb. <\/p>\n<p>\t\t\t\t\t\t\t\t\t\t\t\t\t<script async src=\"https:\/\/platform.twitter.com\/widgets.js\" charset=\"utf-8\"><\/script><\/p>\n","protected":false},"excerpt":{"rendered":"Apr\u00e8s la signature, en novembre 2010, du trait\u00e9 de Lancaster House, la France et le Royaume-Uni ont cr\u00e9\u00e9&hellip;\n","protected":false},"author":2,"featured_media":243026,"comment_status":"","ping_status":"","sticky":false,"template":"","format":"standard","meta":{"footnotes":""},"categories":[1588],"tags":[11,533,38271,38272,38273,1777,674,38274,27,12,136,473,1853,1851,220,1850,1852],"class_list":{"0":"post-243025","1":"post","2":"type-post","3":"status-publish","4":"format-standard","5":"has-post-thumbnail","7":"category-royaume-uni","8":"tag-actualites","9":"tag-armee-de-terre","10":"tag-british-army","11":"tag-coalition-des-volontaires-pour-lukraine","12":"tag-corps-darmee","13":"tag-eu","14":"tag-europe","15":"tag-force-interarmees-conjointe","16":"tag-france","17":"tag-news","18":"tag-otan","19":"tag-royaume-uni","20":"tag-royaume-uni-de-grande-bretagne-et-dirlande-du-nord","21":"tag-uk","22":"tag-ukraine","23":"tag-united-kingdom","24":"tag-united-kingdom-of-great-britain-and-northern-ireland"},"share_on_mastodon":{"url":"https:\/\/pubeurope.com\/@fr\/114835886278776887","error":""},"_links":{"self":[{"href":"https:\/\/www.europesays.com\/fr\/wp-json\/wp\/v2\/posts\/243025","targetHints":{"allow":["GET"]}}],"collection":[{"href":"https:\/\/www.europesays.com\/fr\/wp-json\/wp\/v2\/posts"}],"about":[{"href":"https:\/\/www.europesays.com\/fr\/wp-json\/wp\/v2\/types\/post"}],"author":[{"embeddable":true,"href":"https:\/\/www.europesays.com\/fr\/wp-json\/wp\/v2\/users\/2"}],"replies":[{"embeddable":true,"href":"https:\/\/www.europesays.com\/fr\/wp-json\/wp\/v2\/comments?post=243025"}],"version-history":[{"count":0,"href":"https:\/\/www.europesays.com\/fr\/wp-json\/wp\/v2\/posts\/243025\/revisions"}],"wp:featuredmedia":[{"embeddable":true,"href":"https:\/\/www.europesays.com\/fr\/wp-json\/wp\/v2\/media\/243026"}],"wp:attachment":[{"href":"https:\/\/www.europesays.com\/fr\/wp-json\/wp\/v2\/media?parent=243025"}],"wp:term":[{"taxonomy":"category","embeddable":true,"href":"https:\/\/www.europesays.com\/fr\/wp-json\/wp\/v2\/categories?post=243025"},{"taxonomy":"post_tag","embeddable":true,"href":"https:\/\/www.europesays.com\/fr\/wp-json\/wp\/v2\/tags?post=243025"}],"curies":[{"name":"wp","href":"https:\/\/api.w.org\/{rel}","templated":true}]}}