{"id":243027,"date":"2025-07-11T17:55:10","date_gmt":"2025-07-11T17:55:10","guid":{"rendered":"https:\/\/www.europesays.com\/fr\/243027\/"},"modified":"2025-07-11T17:55:10","modified_gmt":"2025-07-11T17:55:10","slug":"motogp-allemagne-j1-johann-zarco-honda-12-ca-faisait-longtemps-que-je-navais-pas-eu-un-feeling-aussi-positif","status":"publish","type":"post","link":"https:\/\/www.europesays.com\/fr\/243027\/","title":{"rendered":"MotoGP, Allemagne J1, Johann Zarco (Honda\/12) : \u00ab\u00a0\u00c7a faisait longtemps que je n&rsquo;avais pas eu un feeling aussi positif\u00a0\u00bb"},"content":{"rendered":"<p><strong>Bien qu\u2019il ait manqu\u00e9 la Q2, Johann Zarco a retrouv\u00e9 des<br \/>\nsensations avec la Honda, de quoi lui donner de bons espoirs pour<br \/>\ndemain.<\/strong><\/p>\n<p><strong>Johann Zarco<\/strong> a retrouv\u00e9 le sourire en<br \/>\nAllemagne. <a href=\"https:\/\/www.paddock-gp.com\/motogp-johann-zarco-fait-le-bilan-jai-surfe-sur-une-vague-de-folie-mais-ensuite-passage-a-vide\/\" target=\"_blank\" rel=\"noopener nofollow\">Lui qui a v\u00e9cu des montagnes russes<br \/>\n\u00e9motionnelles lors des cinq derniers Grands Prix<\/a>, il traversait<br \/>\nune p\u00e9riode critique, comme les autres pilotes Honda. Apr\u00e8s deux GP<br \/>\nsans aucun point marqu\u00e9 en Aragon et en Italie, le Fran\u00e7ais \u00e9tait<br \/>\nparvenu \u00e0 marquer quatre points aux Pays-Bas il y a 15 jours et<br \/>\nesp\u00e9rait que le trac\u00e9 diff\u00e9rent du Sachsenring conviendrait mieux \u00e0<br \/>\nla RC213V.<\/p>\n<p>Si les autres pilotes Honda ont \u00e9t\u00e9 plus en retrait,<br \/>\n<strong>Zarco<\/strong> a quant a lui imm\u00e9diatement sembl\u00e9 plus \u00e0<br \/>\nl\u2019aise, en d\u00e9crochant tout d\u2019abord le quatri\u00e8me temps ce matin lors<br \/>\ndes FP1, avant de se concentrer pleinement sur la Practice de cet<br \/>\napr\u00e8s-midi pour tenter de passer d\u2019office en Q2.<\/p>\n<p>Le num\u00e9ro #5 n\u2019y est pas parvenu et l\u2019a manqu\u00e9e pour deux<br \/>\ndixi\u00e8mes, en terminant au 12e rang. Peu importe, il assure avoir<br \/>\nretrouv\u00e9 un certain feeling, qui lui manquait cruellement ces<br \/>\nderniers temps. Il esp\u00e8re ainsi pouvoir inverser la balance demain,<br \/>\nd\u2019autant plus que la pluie pourrait venir faire des siennes. Le<br \/>\npilote LCR le sait : sur le mouill\u00e9 et m\u00eame en conditions<br \/>\ns\u00e9chantes, il peut faire la diff\u00e9rence face \u00e0 ses adversaires.<\/p>\n<p><img loading=\"lazy\" decoding=\"async\" class=\"aligncenter wp-image-1308338 size-full\" src=\"https:\/\/www.europesays.com\/fr\/wp-content\/uploads\/2025\/07\/518681935_1150615270207727_7215508012409538501_n.jpg\" alt=\"Johann Zarco Allemagne\" width=\"800\" height=\"534\"  \/><\/p>\n<p>\u00ab\u00a0\u00c7a a \u00e9t\u00e9 un apr\u00e8s-midi de travail intense, avec de<br \/>\nnets progr\u00e8s et un bien meilleur contr\u00f4le de la moto.<br \/>\nMalheureusement, on n\u2019a pas \u00e9t\u00e9 en mesure de r\u00e9ussir le time<br \/>\nattack, j\u2019ai atteint la limite. J\u2019\u00e9tais frustr\u00e9 de manquer la Q2,<br \/>\nmais \u00e7a faisait longtemps que je n\u2019avais pas eu un feeling aussi<br \/>\npositif sur la moto\u00a0\u00bb, a-t-il d\u00e9clar\u00e9 lors de son<br \/>\ndebriefing.<\/p>\n<p>\u00ab\u00a0Je suis confiant quant \u00e0 notre capacit\u00e9 \u00e0 continuer<br \/>\nd\u2019affiner les r\u00e9glages. C\u2019est encourageant d\u2019avoir trouv\u00e9 cette<br \/>\ndirection. Je suis curieux de voir ce qu\u2019on va pouvoir accomplir<br \/>\nmaintenant qu\u2019on a trouv\u00e9 une certaine r\u00e9gularit\u00e9. S\u2019il pleut<br \/>\ndemain, \u00e7a pourrait se r\u00e9v\u00e9ler \u00eatre une opportunit\u00e9 pour<br \/>\nnous.\u00a0\u00bb<\/p>\n<p><strong>R\u00e9sultats de la Practice du Grand Prix<br \/>\nd\u2019Allemagne :<\/strong><\/p>\n<p><img loading=\"lazy\" decoding=\"async\" class=\"aligncenter size-full wp-image-1308265\" src=\"https:\/\/www.europesays.com\/fr\/wp-content\/uploads\/2025\/07\/practice.jpg\" alt=\"\" width=\"800\" height=\"899\"  \/><\/p>\n<p>Cr\u00e9dit classement : <a href=\"https:\/\/www.motogp.com\/fr\" rel=\"nofollow noopener\" target=\"_blank\">MotoGP.com<\/a><\/p>\n","protected":false},"excerpt":{"rendered":"Bien qu\u2019il ait manqu\u00e9 la Q2, Johann Zarco a retrouv\u00e9 des sensations avec la Honda, de quoi lui&hellip;\n","protected":false},"author":2,"featured_media":243028,"comment_status":"","ping_status":"","sticky":false,"template":"","format":"standard","meta":{"footnotes":""},"categories":[1587],"tags":[11,672,1804,1805,1803,1777,674,1801,12,1802],"class_list":{"0":"post-243027","1":"post","2":"type-post","3":"status-publish","4":"format-standard","5":"has-post-thumbnail","7":"category-allemagne","8":"tag-actualites","9":"tag-allemagne","10":"tag-bundesrepublik-deutschland","11":"tag-de","12":"tag-deutschland","13":"tag-eu","14":"tag-europe","15":"tag-germany","16":"tag-news","17":"tag-republique-federale-dallemagne"},"share_on_mastodon":{"url":"https:\/\/pubeurope.com\/@fr\/114835890158215422","error":""},"_links":{"self":[{"href":"https:\/\/www.europesays.com\/fr\/wp-json\/wp\/v2\/posts\/243027","targetHints":{"allow":["GET"]}}],"collection":[{"href":"https:\/\/www.europesays.com\/fr\/wp-json\/wp\/v2\/posts"}],"about":[{"href":"https:\/\/www.europesays.com\/fr\/wp-json\/wp\/v2\/types\/post"}],"author":[{"embeddable":true,"href":"https:\/\/www.europesays.com\/fr\/wp-json\/wp\/v2\/users\/2"}],"replies":[{"embeddable":true,"href":"https:\/\/www.europesays.com\/fr\/wp-json\/wp\/v2\/comments?post=243027"}],"version-history":[{"count":0,"href":"https:\/\/www.europesays.com\/fr\/wp-json\/wp\/v2\/posts\/243027\/revisions"}],"wp:featuredmedia":[{"embeddable":true,"href":"https:\/\/www.europesays.com\/fr\/wp-json\/wp\/v2\/media\/243028"}],"wp:attachment":[{"href":"https:\/\/www.europesays.com\/fr\/wp-json\/wp\/v2\/media?parent=243027"}],"wp:term":[{"taxonomy":"category","embeddable":true,"href":"https:\/\/www.europesays.com\/fr\/wp-json\/wp\/v2\/categories?post=243027"},{"taxonomy":"post_tag","embeddable":true,"href":"https:\/\/www.europesays.com\/fr\/wp-json\/wp\/v2\/tags?post=243027"}],"curies":[{"name":"wp","href":"https:\/\/api.w.org\/{rel}","templated":true}]}}