{"id":243029,"date":"2025-07-11T17:56:10","date_gmt":"2025-07-11T17:56:10","guid":{"rendered":"https:\/\/www.europesays.com\/fr\/243029\/"},"modified":"2025-07-11T17:56:10","modified_gmt":"2025-07-11T17:56:10","slug":"en-cas-dinvasion-de-taiwan-par-la-chine-le-scenario-dune-diversion-de-poutine-en-europe","status":"publish","type":"post","link":"https:\/\/www.europesays.com\/fr\/243029\/","title":{"rendered":"En cas d\u2019invasion de Ta\u00efwan par la Chine, le sc\u00e9nario d\u2019une diversion de Poutine en Europe"},"content":{"rendered":"<p><strong>ANALYSE <\/strong>&#8211; Le secr\u00e9taire g\u00e9n\u00e9ral de l\u2019Otan, Mark Rutte, a remis sur la table la question cl\u00e9 de l\u2019alliance sino-russe que Washington a tent\u00e9 d\u2019\u00e9viter sans succ\u00e8s.<\/p>\n<p class=\"fig-paragraph\">Il y a quelques jours dans le New York Times, le secr\u00e9taire g\u00e9n\u00e9ral de l\u2019Otan,\u00a0<a href=\"http:\/\/www.lefigaro.fr\/international\/je-ne-l-ai-pas-appele-papa-mark-rutte-le-secretaire-general-de-l-otan-clarifie-ses-propos-envers-trump-20250626\" data-fig-type=\"NewsFlash\" data-gtm-custom-categorie=\"navigation\" data-gtm-custom-action=\"crossclick\" data-gtm-custom-label=\"Contextuel\" data-gtm-event=\"customEventSPE\" data-fig-domain=\"LEFIGARO\" target=\"_blank\" rel=\"noopener\">Mark Rutte,\u00a0<\/a>\u00e9mettait une hypoth\u00e8se proprement catastrophique\u00a0: \u00ab\u00a0Ne soyons pas na\u00effs, lan\u00e7ait-il avec une franchise rare. Si Xi Jinping attaquait Ta\u00efwan, il ferait en sorte de donner d\u2019abord un coup de fil \u00e0 son partenaire tr\u00e8s junior Vladimir Poutine, qui r\u00e9side \u00e0 Moscou, pour lui dire\u00a0: \u201cEh, je vais le faire, et j\u2019ai besoin que tu les tiennes occup\u00e9s en Europe en attaquant le territoire de l\u2019Otan.\u201d\u00a0\u00bb<\/p>\n<p class=\"fig-paragraph\">Avec ce sc\u00e9nario cauchemardesque, Rutte faisait ressurgir le spectre de la concomitance d\u2019une attaque majeure sino-russe port\u00e9e contre l\u2019Occident d\u00e9mocratique sur les deux th\u00e9\u00e2tres europ\u00e9en et asiatique. L\u2019id\u00e9e n\u2019est pas nouvelle mais ce qui l\u2019est, est qu\u2019elle soit explicitement expos\u00e9e par un haut responsable de l\u2019<a href=\"http:\/\/www.lefigaro.fr\/international\/sommet-de-l-otan-le-canada-maillon-faible-de-l-alliance-atlantique-20240711\" data-fig-type=\"Article\" data-gtm-custom-categorie=\"navigation\" data-gtm-custom-action=\"crossclick\" data-gtm-custom-label=\"Contextuel\" data-gtm-event=\"customEventSPE\" data-fig-domain=\"LEFIGARO\" target=\"_blank\" rel=\"noopener\">Alliance atlantique<\/a>. Dans la foul\u00e9e de Rutte, maints experts ont not\u00e9 le caract\u00e8re plausible du sc\u00e9nario. Si la\u00a0<a href=\"http:\/\/www.lefigaro.fr\/conjoncture\/droits-de-douane-donald-trump-vise-a-mettre-fin-au-contournement-des-surtaxes-americaines-par-la-chine-20250711\" data-fig-type=\"NewsFlash\" data-gtm-custom-categorie=\"navigation\" data-gtm-custom-action=\"crossclick\" data-gtm-custom-label=\"Contextuel\" data-gtm-event=\"customEventSPE\" data-fig-domain=\"LEFIGARO\" target=\"_blank\" rel=\"noopener\">Chine\u00a0<\/a>d\u00e9cidait de \u00ab\u00a0r\u00e9unifier\u00a0\u00bb Ta\u00efwan par la force, l\u2019axe des puissances\u2026<\/p>\n<p class=\"fig-premium-paywall__infos\">\n        Cet article est r\u00e9serv\u00e9 aux abonn\u00e9s.        Il vous reste 85% \u00e0 d\u00e9couvrir.\n    <\/p>\n<p>                <img  data- alt=\"Le Figaro\" class=\"fig-img--complete fig-img\"\/><\/p>\n<p class=\"fig-premium-paywall__title\">Vous avez envie de lire la suite ?<\/p>\n<p class=\"fig-premium-paywall__subtitle\">D\u00e9bloquez tous les articles imm\u00e9diatement.<\/p>\n<p class=\"fig-premium-paywall__connect\">\n                D\u00e9j\u00e0 abonn\u00e9\u00a0?                <a class=\"fig-premium-paywall__connect-link\" href=\"https:\/\/connect.lefigaro.fr\/login?client=horizon_web&amp;type=main&amp;redirect_uri=https%3A%2F%2Fwww.lefigaro.fr%2Finternational%2Fen-cas-d-invasion-de-taiwan-par-la-chine-le-scenario-d-une-diversion-de-poutine-en-europe-20250711\" data-js-gtm=\"{&quot;customCategorie&quot;: &quot;conversion&quot;, &quot;customAction&quot;: &quot;before_Landing_Connexion_paywall_auto&quot;, &quot;customLabel&quot;: &quot;bGVmaWdhcm8uZnJfXzFmMDVlM2FjLWVhMjUtNjVkNi05YjlkLWU3OGZiZmQ4M2IzYV9fQXJ0aWNsZQ==_En cas d\u2019invasion de Ta\u00efwan par la Chine, le sc\u00e9nario d\u2019une diversion de Poutine en Europe_506&quot;, &quot;customIDSPE&quot;: &quot;bGVmaWdhcm8uZnJfXzFmMDVlM2FjLWVhMjUtNjVkNi05YjlkLWU3OGZiZmQ4M2IzYV9fQXJ0aWNsZQ==&quot;, &quot;event&quot;: &quot;customEventSPE&quot;}\" target=\"_blank\" rel=\"noopener\"><br \/>\n                    Connectez-vous<br \/>\n                <\/a>\n            <\/p>\n","protected":false},"excerpt":{"rendered":"ANALYSE &#8211; Le secr\u00e9taire g\u00e9n\u00e9ral de l\u2019Otan, Mark Rutte, a remis sur la table la question cl\u00e9 de&hellip;\n","protected":false},"author":2,"featured_media":243030,"comment_status":"","ping_status":"","sticky":false,"template":"","format":"standard","meta":{"footnotes":""},"categories":[1586],"tags":[11,309,1777,674,1011,27,12,25,22053,220,135],"class_list":{"0":"post-243029","1":"post","2":"type-post","3":"status-publish","4":"format-standard","5":"has-post-thumbnail","7":"category-europe","8":"tag-actualites","9":"tag-chine","10":"tag-eu","11":"tag-europe","12":"tag-fr","13":"tag-france","14":"tag-news","15":"tag-republique-francaise","16":"tag-taiwan","17":"tag-ukraine","18":"tag-vladimir-poutine"},"share_on_mastodon":{"url":"https:\/\/pubeurope.com\/@fr\/114835894052988051","error":""},"_links":{"self":[{"href":"https:\/\/www.europesays.com\/fr\/wp-json\/wp\/v2\/posts\/243029","targetHints":{"allow":["GET"]}}],"collection":[{"href":"https:\/\/www.europesays.com\/fr\/wp-json\/wp\/v2\/posts"}],"about":[{"href":"https:\/\/www.europesays.com\/fr\/wp-json\/wp\/v2\/types\/post"}],"author":[{"embeddable":true,"href":"https:\/\/www.europesays.com\/fr\/wp-json\/wp\/v2\/users\/2"}],"replies":[{"embeddable":true,"href":"https:\/\/www.europesays.com\/fr\/wp-json\/wp\/v2\/comments?post=243029"}],"version-history":[{"count":0,"href":"https:\/\/www.europesays.com\/fr\/wp-json\/wp\/v2\/posts\/243029\/revisions"}],"wp:featuredmedia":[{"embeddable":true,"href":"https:\/\/www.europesays.com\/fr\/wp-json\/wp\/v2\/media\/243030"}],"wp:attachment":[{"href":"https:\/\/www.europesays.com\/fr\/wp-json\/wp\/v2\/media?parent=243029"}],"wp:term":[{"taxonomy":"category","embeddable":true,"href":"https:\/\/www.europesays.com\/fr\/wp-json\/wp\/v2\/categories?post=243029"},{"taxonomy":"post_tag","embeddable":true,"href":"https:\/\/www.europesays.com\/fr\/wp-json\/wp\/v2\/tags?post=243029"}],"curies":[{"name":"wp","href":"https:\/\/api.w.org\/{rel}","templated":true}]}}