{"id":24303,"date":"2025-04-14T13:11:11","date_gmt":"2025-04-14T13:11:11","guid":{"rendered":"https:\/\/www.europesays.com\/fr\/24303\/"},"modified":"2025-04-14T13:11:11","modified_gmt":"2025-04-14T13:11:11","slug":"laeticia-hallyday-sa-reponse-au-fisc-depuis-coachella","status":"publish","type":"post","link":"https:\/\/www.europesays.com\/fr\/24303\/","title":{"rendered":"Laeticia Hallyday : sa r\u00e9ponse au fisc depuis Coachella"},"content":{"rendered":"<p>      R\u00e9sum\u00e9<\/p>\n<p>Laeticia Hallyday fait face \u00e0 une dette fiscale de 7,7 millions d&rsquo;euros, une dette qui n&#8217;emp\u00eache pas la veuve du rockeur de profiter de Coachella avec sa fille. <\/p>\n<p>        Sommaire<\/p>\n<p><strong>La dette fiscale laiss\u00e9e par <a href=\"https:\/\/www.public.fr\/tag\/johnny-hallyday\" rel=\"nofollow noopener\" target=\"_blank\">Johnny Hallyday<\/a> reste le fardeau majeur de <a href=\"https:\/\/www.public.fr\/tag\/laeticia-hallyday\" rel=\"nofollow noopener\" target=\"_blank\">Laeticia Hallyday<\/a><\/strong>, bien plus que la gestion de son pr\u00e9cieux catalogue musical. <\/p>\n<p>Pr\u00e8s de huit ans apr\u00e8s la disparition du rockeur, si un accord a pu \u00eatre trouv\u00e9 avec David Hallyday et Laura Smet, l&rsquo;ardoise fiscale, elle, demeure intacte.<\/p>\n<p>Pire encore, d&rsquo;apr\u00e8s L&rsquo;Inform\u00e9, la situation se serait cors\u00e9<a href=\"https:\/\/www.public.fr\/laeticia-hallyday-financierement-rien-ne-va-plus\" rel=\"nofollow noopener\" target=\"_blank\">e. Le Tr\u00e9sor public aurait r\u00e9cemment exig\u00e9 que la veuve du chanteur s&rsquo;acquitte d&rsquo;une somme colossale : <strong>7,7 millions d&rsquo;euros<\/strong><\/a>. Une pression qui s&rsquo;explique, selon nos confr\u00e8res, par le fait que Laeticia Hallyday \u00ab\u00a0n&rsquo;est pas dans la mis\u00e8re\u00a0\u00bb.<\/p>\n<p>Laeticia Hallyday en gal\u00e8re financi\u00e8re<\/p>\n<p>Malgr\u00e9 un train de vie toujours confortable entre L.A. et Saint-Barth, Laeticia Hallyday fait face \u00e0 de lourdes difficult\u00e9s financi\u00e8res. <\/p>\n<p>Apr\u00e8s avoir perdu sa villa de Los Angeles dans les incendies, elle peine aussi \u00e0 vendre la Savannah, \u00e0 Marnes-la-Coquette. <\/p>\n<p>Le 11 avril dernier, le tribunal administratif de Paris a \u00e9galement confirm\u00e9 que le fisc lui r\u00e9clame toujours 7,7 millions d&rsquo;euros. Une dette issue d&rsquo;un accord pass\u00e9 en 2022, dans lequel l&rsquo;\u00c9tat avait annul\u00e9 3,2 millions d&rsquo;euros de p\u00e9nalit\u00e9s, \u00e0 condition qu&rsquo;elle r\u00e8gle la somme restante.<\/p>\n<p>Laeticia Hallyday n&rsquo;a pas accept\u00e9 les conditions fix\u00e9es par le fisc et aurait m\u00eame tent\u00e9 de rouvrir les n\u00e9gociations pour obtenir un all\u00e8gement. <\/p>\n<p><strong>D&rsquo;apr\u00e8s L&rsquo;Inform\u00e9, elle aurait propos\u00e9 de r\u00e9gler 1,9 million d&rsquo;euros imm\u00e9diatement, en \u00e9change de l&rsquo;abandon des 9 millions restants. Une offre qui aurait \u00e9t\u00e9 \u00ab\u00a0imm\u00e9diatement rejet\u00e9e\u00a0\u00bb par l&rsquo;administration. <\/strong><\/p>\n<p>Une sortie \u00e0 Coachella qui fait jaser<\/p>\n<p>Loin de se laisser miner par ses ennuis financiers, Laeticia Hallyday continue d&rsquo;afficher un mode de vie plut\u00f4t d\u00e9contract\u00e9. <\/p>\n<p><strong>Ce dimanche 13 avril 2025, elle a \u00e9t\u00e9 aper\u00e7ue au festival Coachella aux c\u00f4t\u00e9s de sa fille a\u00een\u00e9e, <a href=\"https:\/\/www.public.fr\/tag\/jade-hallyday\" rel=\"nofollow noopener\" target=\"_blank\">Jade<\/a>. <\/strong>Une apparition qui n&rsquo;a pas manqu\u00e9 de faire r\u00e9agir, au vu du contexte tendu avec le fisc\u2026<\/p>\n<p>\u00ab\u00a0Il y a des trucs que je ne comprends pas parfois&#8230; Endett\u00e9e jusqu&rsquo;au cou (soi-disant), perte de la maison dans les incendies, mais toujours la vie de r\u00eave entre Saint-Barth\u00e9lemy et la Californie&#8230; Pas trop mal quand m\u00eame\u00a0\u00bb, a comment\u00e9 un internaute sous la derni\u00e8re publication de la jolie blonde. <\/p>\n<p>Et un autre de rench\u00e9rir : \u00ab\u00a0Paye tes dettes \u00e0 la France\u00a0\u00bb. Une sortie qui fait jaser&#8230; <\/p>\n<p>      Mentionn\u00e9s dans cet article<\/p>\n<p>\u00c0 lire aussi<\/p>\n","protected":false},"excerpt":{"rendered":"R\u00e9sum\u00e9 Laeticia Hallyday fait face \u00e0 une dette fiscale de 7,7 millions d&rsquo;euros, une dette qui n&#8217;emp\u00eache pas&hellip;\n","protected":false},"author":2,"featured_media":24304,"comment_status":"","ping_status":"","sticky":false,"template":"","format":"standard","meta":{"footnotes":""},"categories":[1359],"tags":[8749,58,59,1011,27,8750,7648,973],"class_list":{"0":"post-24303","1":"post","2":"type-post","3":"status-publish","4":"format-standard","5":"has-post-thumbnail","7":"category-people","8":"tag-coachella","9":"tag-divertissement","10":"tag-entertainment","11":"tag-fr","12":"tag-france","13":"tag-jade-hallyday","14":"tag-laeticia-hallyday","15":"tag-people"},"share_on_mastodon":{"url":"https:\/\/pubeurope.com\/@fr\/114336489976269520","error":""},"_links":{"self":[{"href":"https:\/\/www.europesays.com\/fr\/wp-json\/wp\/v2\/posts\/24303","targetHints":{"allow":["GET"]}}],"collection":[{"href":"https:\/\/www.europesays.com\/fr\/wp-json\/wp\/v2\/posts"}],"about":[{"href":"https:\/\/www.europesays.com\/fr\/wp-json\/wp\/v2\/types\/post"}],"author":[{"embeddable":true,"href":"https:\/\/www.europesays.com\/fr\/wp-json\/wp\/v2\/users\/2"}],"replies":[{"embeddable":true,"href":"https:\/\/www.europesays.com\/fr\/wp-json\/wp\/v2\/comments?post=24303"}],"version-history":[{"count":0,"href":"https:\/\/www.europesays.com\/fr\/wp-json\/wp\/v2\/posts\/24303\/revisions"}],"wp:featuredmedia":[{"embeddable":true,"href":"https:\/\/www.europesays.com\/fr\/wp-json\/wp\/v2\/media\/24304"}],"wp:attachment":[{"href":"https:\/\/www.europesays.com\/fr\/wp-json\/wp\/v2\/media?parent=24303"}],"wp:term":[{"taxonomy":"category","embeddable":true,"href":"https:\/\/www.europesays.com\/fr\/wp-json\/wp\/v2\/categories?post=24303"},{"taxonomy":"post_tag","embeddable":true,"href":"https:\/\/www.europesays.com\/fr\/wp-json\/wp\/v2\/tags?post=24303"}],"curies":[{"name":"wp","href":"https:\/\/api.w.org\/{rel}","templated":true}]}}