{"id":243035,"date":"2025-07-11T17:59:17","date_gmt":"2025-07-11T17:59:17","guid":{"rendered":"https:\/\/www.europesays.com\/fr\/243035\/"},"modified":"2025-07-11T17:59:17","modified_gmt":"2025-07-11T17:59:17","slug":"alexandre-mendy-transfere-au-montpellier-hsc-infos-match-billet-smc","status":"publish","type":"post","link":"https:\/\/www.europesays.com\/fr\/243035\/","title":{"rendered":"Alexandre Mendy transf\u00e9r\u00e9 au Montpellier HSC | infos match &#8211; billet SMC"},"content":{"rendered":"<p>                                        Mercato<br \/>\n                        le 11\/07\/2025 \u00e0 17:30                    <\/p>\n<p>                <img loading=\"lazy\" decoding=\"async\" src=\"https:\/\/www.europesays.com\/fr\/wp-content\/uploads\/2025\/07\/site_mendy.png\" width=\"870\" height=\"550\" alt=\"\"\/>                            <\/p>\n<p style=\"text-align: justify;\">Apr\u00e8s cinq saisons sous les couleurs du Stade Malherbe Caen, Alexandre Mendy s&rsquo;est engag\u00e9 ce vendredi avec le Montpellier HSC. Cinq saisons pendant lesquelles l&rsquo;attaquant aura disput\u00e9 175 matchs avec les \u00ab\u00a0rouge et bleu\u00a0\u00bb pour devenir le meilleur buteur de l&rsquo;histoire du club. Avec 75 buts depuis octobre 2020, il a d\u00e9pass\u00e9 Cyrille Watier la saison derni\u00e8re en inscrivant un doubl\u00e9 sur la pelouse de Martigues (0-3). Le d\u00e9sormais ex-num\u00e9ro 19 du Stade Malherbe Caen avait notamment obtenu le titre de meilleur buteur de Ligue 2 BKT en 2023 \/ 2024.\u00a0<\/p>\n<p style=\"text-align: justify;\"><strong>Le Stade Malherbe Caen tient \u00e0 remercier Alexandre Mendy pour ses cinq saisons pass\u00e9es avec le SM Caen et lui souhaite le meilleur pour la suite de sa carri\u00e8re.<\/strong><\/p>\n<p>Afficher le sous titre:\u00a0<\/p>\n<p>\n            Partager cet article sur :<\/p>\n","protected":false},"excerpt":{"rendered":"Mercato le 11\/07\/2025 \u00e0 17:30 Apr\u00e8s cinq saisons sous les couleurs du Stade Malherbe Caen, Alexandre Mendy s&rsquo;est&hellip;\n","protected":false},"author":2,"featured_media":243036,"comment_status":"","ping_status":"","sticky":false,"template":"","format":"standard","meta":{"footnotes":""},"categories":[2],"tags":[11,13809,1011,27,13810,13808,12,25],"class_list":{"0":"post-243035","1":"post","2":"type-post","3":"status-publish","4":"format-standard","5":"has-post-thumbnail","7":"category-actualites","8":"tag-actualites","9":"tag-billet-smc","10":"tag-fr","11":"tag-france","12":"tag-informations-stade-malherbe-de-caen","13":"tag-infos-match","14":"tag-news","15":"tag-republique-francaise"},"share_on_mastodon":{"url":"https:\/\/pubeurope.com\/@fr\/114835905959929038","error":""},"_links":{"self":[{"href":"https:\/\/www.europesays.com\/fr\/wp-json\/wp\/v2\/posts\/243035","targetHints":{"allow":["GET"]}}],"collection":[{"href":"https:\/\/www.europesays.com\/fr\/wp-json\/wp\/v2\/posts"}],"about":[{"href":"https:\/\/www.europesays.com\/fr\/wp-json\/wp\/v2\/types\/post"}],"author":[{"embeddable":true,"href":"https:\/\/www.europesays.com\/fr\/wp-json\/wp\/v2\/users\/2"}],"replies":[{"embeddable":true,"href":"https:\/\/www.europesays.com\/fr\/wp-json\/wp\/v2\/comments?post=243035"}],"version-history":[{"count":0,"href":"https:\/\/www.europesays.com\/fr\/wp-json\/wp\/v2\/posts\/243035\/revisions"}],"wp:featuredmedia":[{"embeddable":true,"href":"https:\/\/www.europesays.com\/fr\/wp-json\/wp\/v2\/media\/243036"}],"wp:attachment":[{"href":"https:\/\/www.europesays.com\/fr\/wp-json\/wp\/v2\/media?parent=243035"}],"wp:term":[{"taxonomy":"category","embeddable":true,"href":"https:\/\/www.europesays.com\/fr\/wp-json\/wp\/v2\/categories?post=243035"},{"taxonomy":"post_tag","embeddable":true,"href":"https:\/\/www.europesays.com\/fr\/wp-json\/wp\/v2\/tags?post=243035"}],"curies":[{"name":"wp","href":"https:\/\/api.w.org\/{rel}","templated":true}]}}