{"id":243039,"date":"2025-07-11T18:01:10","date_gmt":"2025-07-11T18:01:10","guid":{"rendered":"https:\/\/www.europesays.com\/fr\/243039\/"},"modified":"2025-07-11T18:01:10","modified_gmt":"2025-07-11T18:01:10","slug":"malgre-une-frayeur-au-17-perrine-delacour-passe-le-cut-de-lamundi-evian-championship-lequipe","status":"publish","type":"post","link":"https:\/\/www.europesays.com\/fr\/243039\/","title":{"rendered":"Malgr\u00e9 une frayeur au 17, Perrine Delacour passe le cut de l&#039;Amundi Evian Championship &#8211; L&#039;\u00c9quipe"},"content":{"rendered":"<ol>\n<li><a href=\"https:\/\/news.google.com\/rss\/articles\/CBMizAFBVV95cUxPQThUeTkyVXJHOWVBNndNRzJMdXJBZnZjeUJTWEwtTjlpU2laczZYX0x1OGh6RVFpRjlNZUJMN2o0ZkIydVFITF9ib1NPODBfSHhMRDdwdGlGc1NoSkNiUTFBNm9PNDNUMzBTRVdLWEE5SXIyVVdFV3RncVc1RkpVYTRNN0ZfX210ZkYyVlpWSzg2QmNWdmZyNGliQnEySXNPNDBsNnBJMzRxVTZZdjllcmIyX0swTkp3akNPYnp3OTVSbElwZnZtYS15Z2E?oc=5\" target=\"_blank\" rel=\"nofollow noopener\">Malgr\u00e9 une frayeur au 17, Perrine Delacour passe le cut de l&rsquo;Amundi Evian Championship<\/a>&nbsp;&nbsp;L&rsquo;\u00c9quipe<\/li>\n<li><a href=\"https:\/\/news.google.com\/rss\/articles\/CBMisAFBVV95cUxQeHEtbU5WcjluZ0JzbWJ0WnhiX2lGZE5xaC1EVTd1LUZmOWVSSm1QRnIxMTRpanZqeXpmY0Jaal82N2VxbDE3LTJURWFORFlUWk5kdE5sSzBhQ0pFMTFfbFBnUmlQWVVBLWhZMVFIQkp4czY2ZzNNX0ZXVUd3MG5QU2dEYlVpX25taFFaeFRLTHpKUlA0a3drNGhMMHBNV29qcThzUVNMU0V0ZHo5V0RzOQ?oc=5\" target=\"_blank\" rel=\"nofollow noopener\">The Amundi Evian Championship : Nadaud d\u00e9complex\u00e9e \u00e0 la maison<\/a>&nbsp;&nbsp;F\u00e9d\u00e9ration Fran\u00e7aise de Golf<\/li>\n<li><a href=\"https:\/\/news.google.com\/rss\/articles\/CBMieEFVX3lxTE9VT0JjNklBMVZmeW52UzVwRGdnUTRZblYwV2FPUV9fUlp1SzhkWVhWNTJDLXVtOC1CTHBxa2RuQWUxeFMwbWNWcFVFVXJsWHRZVExQYTNWbXQxVHFabXlKRVR1MmZhTGk3SVJBYXFGOTdEcEp0UWhIUA?oc=5\" target=\"_blank\" rel=\"nofollow noopener\">2e tour. 1re partie<\/a>&nbsp;&nbsp;CANAL+<\/li>\n<li><a href=\"https:\/\/news.google.com\/rss\/articles\/CBMingFBVV95cUxNZTZ4SGdwb3ZzcklVMDBVOFZKcEhGcG9sVTJwX1FLRVpFdW9JSVRJQUZobThQUmNPVnA0Q3BIbGVBeURNYzBOZVZDcTZkLVkxeVFWQUlhai1kc3BPanlENFVJTkJTM19UUHRPcjVHbTB4b09Rd1YyVTFxbzY0RXkyZ1czekEzM0M3bVJWYmdocFVWcFE5UTZXUVo1QmZydw?oc=5\" target=\"_blank\" rel=\"nofollow noopener\">Jacques Bungert : \u00ab Je suis en larmes en conf\u00e9rence de presse \u00bb<\/a>&nbsp;&nbsp;Golf Plan\u00e8te<\/li>\n<li><a href=\"https:\/\/news.google.com\/rss\/articles\/CBMiiwJBVV95cUxPSzFOQTdOUG56SmNfS3dCT01UTFVvVXhXUzRNaFZqdVJEQTQ2RzBTR3NjOEljRVRyZTZVdmN2dmZuNlhRMEh0dXFmQU1yTXByZlh1Q3MxOVViS3BhVzROazd0WUxPekI3eGhNbjFQY2pOTlY5ajhPaktudE12MWNwTTFHQUJ2WWJZZTNWWTI4X2pURGdlRFZaT1FHQUxBTzJsZ2pUT0NHd3NyRkM3cUFsS2FObElwZjZfN0lISWlKMXdhVUhDZ1M3ckYxVWd4T0NlY1dacl9pS0FKQ2xlaC16TFl4NEhJRENYTU40V0M1R1BLSmJUTE9tdWZ6My1BRC1kQ3owakRzVm9zVFU?oc=5\" target=\"_blank\" rel=\"nofollow noopener\">Golf. Amundi Evian Championship : la Cor\u00e9enne Soomi Lee seule \u00e0 -10, quatre Fran\u00e7aises dans le cut<\/a>&nbsp;&nbsp;Ouest-France<\/li>\n<\/ol>\n","protected":false},"excerpt":{"rendered":"Malgr\u00e9 une frayeur au 17, Perrine Delacour passe le cut de l&rsquo;Amundi Evian Championship&nbsp;&nbsp;L&rsquo;\u00c9quipe The Amundi Evian Championship&hellip;\n","protected":false},"author":2,"featured_media":243040,"comment_status":"","ping_status":"","sticky":false,"template":"","format":"standard","meta":{"footnotes":""},"categories":[1418],"tags":[1011,27,1472,60],"class_list":{"0":"post-243039","1":"post","2":"type-post","3":"status-publish","4":"format-standard","5":"has-post-thumbnail","7":"category-golf","8":"tag-fr","9":"tag-france","10":"tag-golf","11":"tag-sports"},"share_on_mastodon":{"url":"https:\/\/pubeurope.com\/@fr\/114835913605542392","error":""},"_links":{"self":[{"href":"https:\/\/www.europesays.com\/fr\/wp-json\/wp\/v2\/posts\/243039","targetHints":{"allow":["GET"]}}],"collection":[{"href":"https:\/\/www.europesays.com\/fr\/wp-json\/wp\/v2\/posts"}],"about":[{"href":"https:\/\/www.europesays.com\/fr\/wp-json\/wp\/v2\/types\/post"}],"author":[{"embeddable":true,"href":"https:\/\/www.europesays.com\/fr\/wp-json\/wp\/v2\/users\/2"}],"replies":[{"embeddable":true,"href":"https:\/\/www.europesays.com\/fr\/wp-json\/wp\/v2\/comments?post=243039"}],"version-history":[{"count":0,"href":"https:\/\/www.europesays.com\/fr\/wp-json\/wp\/v2\/posts\/243039\/revisions"}],"wp:featuredmedia":[{"embeddable":true,"href":"https:\/\/www.europesays.com\/fr\/wp-json\/wp\/v2\/media\/243040"}],"wp:attachment":[{"href":"https:\/\/www.europesays.com\/fr\/wp-json\/wp\/v2\/media?parent=243039"}],"wp:term":[{"taxonomy":"category","embeddable":true,"href":"https:\/\/www.europesays.com\/fr\/wp-json\/wp\/v2\/categories?post=243039"},{"taxonomy":"post_tag","embeddable":true,"href":"https:\/\/www.europesays.com\/fr\/wp-json\/wp\/v2\/tags?post=243039"}],"curies":[{"name":"wp","href":"https:\/\/api.w.org\/{rel}","templated":true}]}}