{"id":243041,"date":"2025-07-11T18:03:10","date_gmt":"2025-07-11T18:03:10","guid":{"rendered":"https:\/\/www.europesays.com\/fr\/243041\/"},"modified":"2025-07-11T18:03:10","modified_gmt":"2025-07-11T18:03:10","slug":"coupe-du-monde-u20-non-le-haka-ou-les-all-blacks-ca-ne-change-rien-les-bleuets-pas-impressionnes-avant-la-demi-finale-face-aux-baby-blacks","status":"publish","type":"post","link":"https:\/\/www.europesays.com\/fr\/243041\/","title":{"rendered":"Coupe du monde U20. \u00ab\u00a0Non le haka ou les All Blacks \u00e7a ne change rien\u00a0\u00bb, les Bleuets pas impressionn\u00e9s avant la demi-finale face aux Baby Blacks"},"content":{"rendered":"<p>\n                \u00c0 trois jours du choc face \u00e0 la Nouvelle-Z\u00e9lande en demi-finale de la Coupe du monde U20, les jeunes Fran\u00e7ais avancent avec calme, lucidit\u00e9 et confiance. L\u2019ailier des Bleuets, Tom L\u00e9v\u00eaque ainsi que le talonneur Gabin Garault se sont pr\u00e9sent\u00e9s face \u00e0 la presse avec un mot d\u2019ordre\u00a0: \u00ab\u00a0pr\u00e9parer ce match comme un autre\u00a0\u00bb.\n            <\/p>\n<p>Dans l\u2019imaginaire collectif, les All Blacks repr\u00e9sentent bien plus qu\u2019un adversaire. Mais chez les Bleuets, on refuse de sacraliser l\u2019opposition. \u00ab\u00a0\u00c7a reste une \u00e9quipe comme une autre\u00a0\u00bb, glisse sobrement Tom L\u00e9v\u00eaque, ailier des Bleuets, titulaire depuis le d\u00e9but de la comp\u00e9tition et auteur de deux essais. \u00ab\u00a0Forc\u00e9ment, on a envie de les jouer, surtout que c\u2019est une \u00e9quipe qu\u2019on ne peut pas affronter pendant le Tournoi des 6\u00a0Nations. D\u00e9fier\u00a0une \u00e9quipe de l\u2019h\u00e9misph\u00e8re sud, cela reste quelque chose de particulier mais on pr\u00e9pare ce match comme un autre.\u00a0\u00bb<\/p>\n<p class=\"std-elt__inline\">\n        <strong>\u00c0 lire aussi :<\/strong><br \/>\n        <a href=\"https:\/\/www.rugbyrama.fr\/2025\/07\/10\/coupe-du-monde-u20-cest-carrement-un-reve-de-jouer-les-blacks-salive-elyjah-ibsaiene-le-troisieme-ligne-des-bleuets-12816221.php\" rel=\"nofollow noopener\" target=\"_blank\">Coupe du monde U20 \u2013 \u00ab\u00a0C\u2019est carr\u00e9ment un r\u00eave de jouer les Blacks\u00a0\u00bb, salive Elyjah Ibsaiene, le troisi\u00e8me ligne des Bleuets<\/a>\n    <\/p>\n<p>M\u00eame ton du c\u00f4t\u00e9 du talonneur tricolore Gabin Garault\u00a0: \u00ab\u00a0Ce n\u2019est pas un r\u00eave. C\u2019est une demi-finale de Coupe du monde. Apr\u00e8s, les All Blacks, c\u2019est l\u2019histoire du rugby. Mais que ce soit eux ou une autre \u00e9quipe, on pr\u00e9pare \u00e7a comme une demi-finale avant-tout.\u00a0\u00bb\u00a0Et m\u00eame le haka, moment toujours symbolique, ne perturbe pas la pr\u00e9paration. \u00ab\u00a0Le haka ou les Blacks, \u00e7a ne change rien. On met le plus d\u2019implication et de s\u00e9rieux possible \u00e0 l\u2019entra\u00eenement, sans se mettre de pression. On se dit que c\u2019est une rencontre banale, comme si on allait jouer l\u2019Angleterre\u00a0\u00bb, tranche le joueur du Stade rochelais.<\/p>\n<p>Un changement dans la t\u00eate, pas dans la m\u00e9thode<\/p>\n<p>Apr\u00e8s <strong><a href=\"https:\/\/www.rugbyrama.fr\/2025\/07\/09\/coupe-du-monde-u20-immense-choc-pour-les-bleuets-langleterre-eliminee-tous-les-resultats-de-la-derniere-journee-et-les-affiches-des-demi-finales-12816247.php\" target=\"_self\" rel=\"nofollow noopener\">trois nettes victoires en phase de poule<\/a><\/strong>, basculer en mode phase finale n\u2019a donc pas boulevers\u00e9 les habitudes des Fran\u00e7ais. Tournoi de padel, parties de ping-pong, r\u00e9cup\u00e9ration et r\u00e9g\u00e9n\u00e9ration des corps \u00e9taient au programme de ces derni\u00e8res heures. \u00ab\u00a0Collectivement, pas grand-chose n\u2019a chang\u00e9 durant la semaine, c\u2019est plus individuellement, explique Garault. Dans nos t\u00eates, on a switch\u00e9 en mode phase finale, mais dans la pr\u00e9paration, on n\u2019a rien modifi\u00e9. On garde ce qui a march\u00e9, c\u2019est-\u00e0-dire le jeu qu\u2019on propose, notre d\u00e9fense\u00a0\u00bb. Un socle solide, qu\u2019il faudra maintenir pendant 80 minutes, sans baisse de r\u00e9gime ce lundi soir.<\/p>\n<p>Les Bleuets avaient r\u00e9alis\u00e9 <strong><a href=\"https:\/\/www.rugbyrama.fr\/2025\/07\/10\/coupe-du-monde-u20-demoniaques-avant-les-blacks-12816219.php\" target=\"_self\" rel=\"nofollow noopener\">une entame de feu face aux Argentins (26-0, 15e)<\/a><\/strong> et comptent bien <a href=\"https:\/\/www.rugbyrama.fr\/2025\/07\/10\/coupe-du-monde-u20-il-faudra-encore-monter-dun-niveau-juge-cedric-laborde-apres-la-qualification-des-bleuets-en-demi-finale-12816947.php\" target=\"_self\" rel=\"nofollow noopener\"><strong>r\u00e9it\u00e9rer cette performance face aux Baby Bla<\/strong><\/a><strong><a href=\"https:\/\/www.rugbyrama.fr\/2025\/07\/10\/coupe-du-monde-u20-il-faudra-encore-monter-dun-niveau-juge-cedric-laborde-apres-la-qualification-des-bleuets-en-demi-finale-12816947.php\" target=\"_self\" rel=\"nofollow noopener\">ck<\/a><a href=\"http:\/\/www.rugbyrama.fr\/2025\/07\/10\/coupe-du-monde-u20-il-faudra-encore-monter-dun-niveau-juge-cedric-laborde-apres-la-qualification-des-bleuets-en-demi-finale-12816947.php\" target=\"_self\" rel=\"nofollow noopener\">s.<\/a><\/strong>\u00a0\u00ab\u00a0Le staff nous le r\u00e9p\u00e8te souvent\u00a0: c\u2019est important de les \u00e9touffer d\u2019entr\u00e9e\u00a0\u00bb, insiste le Rochelais. \u00ab\u00a0Toujours bien commencer un match, c\u2019est hyper important. On l\u2019a fait contre l\u2019Argentine mais on peut toujours faire mieux, donc faire une meilleure entame serait vraiment parfait\u00a0\u00bb, poursuit Tom L\u00e9v\u00eaque.<\/p>\n<blockquote data-class=\"twitter-tweet\">\n<p lang=\"fr\" dir=\"ltr\">C\u00e9dric Laborde, \u00e9tait fier de ses hommes, qui ont largement domin\u00e9 les Argentins. Il pense m\u00eame que cette jeune \u00e9quipe est capable d\u2019encore mieux faire, avant de retrouver les Baby Blacks, lundi prochain pour une place en finale.<\/p>\n<p>L&rsquo;article &gt; <a href=\"https:\/\/t.co\/3g8wQnkxBl\" rel=\"nofollow\">https:\/\/t.co\/3g8wQnkxBl<\/a> <a href=\"https:\/\/t.co\/tvjq1rm9SK\" rel=\"nofollow\">pic.twitter.com\/tvjq1rm9SK<\/a><\/p>\n<p>\u2014 RUGBYRAMA (@RugbyramaFR) <a href=\"https:\/\/twitter.com\/RugbyramaFR\/status\/1943191624302944261?ref_src=twsrc%5Etfw\" rel=\"nofollow noopener\" target=\"_blank\">July 10, 2025<\/a><\/p><\/blockquote>\n<p>Des jeunes toujours demandeurs de conseils<\/p>\n<p>Cette Coupe du monde, c\u2019est aussi un moment d\u2019apprentissage et de transmission pour les jeunes tricolores.\u00a0\u00ab\u00a0On apprend de ceux qui l\u2019ont jou\u00e9e l\u2019ann\u00e9e derni\u00e8re, ce qu\u2019ils ont ressenti. M\u00eame si chaque parcours est diff\u00e9rent\u00a0\u00bb, r\u00e9sume Tom L\u00e9v\u00eaque, l\u2019ailier de l\u2019Aviron bayonnais. Gabin Garault, ainsi que tout le contingent de joueurs maritimes pr\u00e9sent en Italie (Charles Kante-Samba, Diego Jurd et Simili Daunivucu), s\u2019appuient quant \u00e0 eux sur le soutien de tous\u00a0leurs proches rest\u00e9s \u00e0 La\u00a0Rochelle. \u00ab\u00a0On \u00e9change avec les coachs, les copains de l\u2019\u00e9quipe espoirs, on les a souvent au t\u00e9l\u00e9phone. On est vraiment soutenus. Avant de partir, avec Charles (Kante-Samba) on a pas mal discut\u00e9 avec Thomas Lavault qui a \u00e9t\u00e9 champion du monde U20 (en 2019) ou Paul Boudehent qui a d\u00e9j\u00e0 connu l\u2019\u00e9quipe de France U20. Ils nous ont donn\u00e9 pas mal de conseils. C\u2019\u00e9tait hyper enrichissant.\u00a0\u00bb\u00a0Enrichir leur jeune carri\u00e8re, les Bleuets pourraient le faire en battant les Baby Blacks lundi soir. L\u2019objectif est clair\u00a0: aller en finale sans complexe, sans mythe, et ce comme les quatre g\u00e9n\u00e9rations pr\u00e9c\u00e9dentes. On s\u2019y habituerait presque\u2026<\/p>\n<p>                    <script async src=\"https:\/\/platform.twitter.com\/widgets.js\" charset=\"utf-8\"><\/script><\/p>\n","protected":false},"excerpt":{"rendered":"\u00c0 trois jours du choc face \u00e0 la Nouvelle-Z\u00e9lande en demi-finale de la Coupe du monde U20, les&hellip;\n","protected":false},"author":2,"featured_media":243042,"comment_status":"","ping_status":"","sticky":false,"template":"","format":"standard","meta":{"footnotes":""},"categories":[1416],"tags":[1011,27,479,1468,60],"class_list":{"0":"post-243041","1":"post","2":"type-post","3":"status-publish","4":"format-standard","5":"has-post-thumbnail","7":"category-rugby","8":"tag-fr","9":"tag-france","10":"tag-rugby","11":"tag-rugby-football","12":"tag-sports"},"share_on_mastodon":{"url":"https:\/\/pubeurope.com\/@fr\/114835921492036087","error":""},"_links":{"self":[{"href":"https:\/\/www.europesays.com\/fr\/wp-json\/wp\/v2\/posts\/243041","targetHints":{"allow":["GET"]}}],"collection":[{"href":"https:\/\/www.europesays.com\/fr\/wp-json\/wp\/v2\/posts"}],"about":[{"href":"https:\/\/www.europesays.com\/fr\/wp-json\/wp\/v2\/types\/post"}],"author":[{"embeddable":true,"href":"https:\/\/www.europesays.com\/fr\/wp-json\/wp\/v2\/users\/2"}],"replies":[{"embeddable":true,"href":"https:\/\/www.europesays.com\/fr\/wp-json\/wp\/v2\/comments?post=243041"}],"version-history":[{"count":0,"href":"https:\/\/www.europesays.com\/fr\/wp-json\/wp\/v2\/posts\/243041\/revisions"}],"wp:featuredmedia":[{"embeddable":true,"href":"https:\/\/www.europesays.com\/fr\/wp-json\/wp\/v2\/media\/243042"}],"wp:attachment":[{"href":"https:\/\/www.europesays.com\/fr\/wp-json\/wp\/v2\/media?parent=243041"}],"wp:term":[{"taxonomy":"category","embeddable":true,"href":"https:\/\/www.europesays.com\/fr\/wp-json\/wp\/v2\/categories?post=243041"},{"taxonomy":"post_tag","embeddable":true,"href":"https:\/\/www.europesays.com\/fr\/wp-json\/wp\/v2\/tags?post=243041"}],"curies":[{"name":"wp","href":"https:\/\/api.w.org\/{rel}","templated":true}]}}