{"id":243043,"date":"2025-07-11T18:04:10","date_gmt":"2025-07-11T18:04:10","guid":{"rendered":"https:\/\/www.europesays.com\/fr\/243043\/"},"modified":"2025-07-11T18:04:10","modified_gmt":"2025-07-11T18:04:10","slug":"atp-la-date-du-retour-de-nick-kyrgios-est-connue","status":"publish","type":"post","link":"https:\/\/www.europesays.com\/fr\/243043\/","title":{"rendered":"ATP > La date du retour de Nick Kyrgios est connue !"},"content":{"rendered":"<p>Absent du circuit depuis le Masters 1000 de Miami o\u00f9 il a de nouveau ressenti des douleurs au niveau de son poignet et de son genou, Nick Kyrgios a annonc\u00e9 ce vendredi son retour \u00e0 la comp\u00e9tition.<\/p>\n<p>Un retour qui aura lieu sur l\u2019un de ses tour\u00adnois favoris, \u00e0 Washington, du 21 au 27 juillet, o\u00f9 il s\u2019est d\u00e9j\u00e0 impos\u00e9 \u00e0 deux reprises (2019, 2022).\u00a0<\/p>\n<p>En esp\u00e9\u00adrant que son corps le laisse enfin tran\u00adquille car l\u2019Australien, malgr\u00e9 ses exc\u00e8s, demeure un joueur diff\u00e9\u00adrent et essen\u00adtiel au circuit professionnel.\u00a0<\/p>\n<p class=\"post-published-date\" style=\"color: silver; font-size: 75%; text-align: left;\">Publi\u00e9 le vendredi 11 juillet 2025 \u00e0 17:07<\/p>\n","protected":false},"excerpt":{"rendered":"Absent du circuit depuis le Masters 1000 de Miami o\u00f9 il a de nouveau ressenti des douleurs au&hellip;\n","protected":false},"author":2,"featured_media":243044,"comment_status":"","ping_status":"","sticky":false,"template":"","format":"standard","meta":{"footnotes":""},"categories":[1415],"tags":[1011,27,4874,60,1467],"class_list":{"0":"post-243043","1":"post","2":"type-post","3":"status-publish","4":"format-standard","5":"has-post-thumbnail","7":"category-tennis","8":"tag-fr","9":"tag-france","10":"tag-kyrgios","11":"tag-sports","12":"tag-tennis"},"share_on_mastodon":{"url":"https:\/\/pubeurope.com\/@fr\/114835925434682502","error":""},"_links":{"self":[{"href":"https:\/\/www.europesays.com\/fr\/wp-json\/wp\/v2\/posts\/243043","targetHints":{"allow":["GET"]}}],"collection":[{"href":"https:\/\/www.europesays.com\/fr\/wp-json\/wp\/v2\/posts"}],"about":[{"href":"https:\/\/www.europesays.com\/fr\/wp-json\/wp\/v2\/types\/post"}],"author":[{"embeddable":true,"href":"https:\/\/www.europesays.com\/fr\/wp-json\/wp\/v2\/users\/2"}],"replies":[{"embeddable":true,"href":"https:\/\/www.europesays.com\/fr\/wp-json\/wp\/v2\/comments?post=243043"}],"version-history":[{"count":0,"href":"https:\/\/www.europesays.com\/fr\/wp-json\/wp\/v2\/posts\/243043\/revisions"}],"wp:featuredmedia":[{"embeddable":true,"href":"https:\/\/www.europesays.com\/fr\/wp-json\/wp\/v2\/media\/243044"}],"wp:attachment":[{"href":"https:\/\/www.europesays.com\/fr\/wp-json\/wp\/v2\/media?parent=243043"}],"wp:term":[{"taxonomy":"category","embeddable":true,"href":"https:\/\/www.europesays.com\/fr\/wp-json\/wp\/v2\/categories?post=243043"},{"taxonomy":"post_tag","embeddable":true,"href":"https:\/\/www.europesays.com\/fr\/wp-json\/wp\/v2\/tags?post=243043"}],"curies":[{"name":"wp","href":"https:\/\/api.w.org\/{rel}","templated":true}]}}