{"id":243051,"date":"2025-07-11T18:09:17","date_gmt":"2025-07-11T18:09:17","guid":{"rendered":"https:\/\/www.europesays.com\/fr\/243051\/"},"modified":"2025-07-11T18:09:17","modified_gmt":"2025-07-11T18:09:17","slug":"officiel-metz-signe-un-nouvel-attaquant-georgien","status":"publish","type":"post","link":"https:\/\/www.europesays.com\/fr\/243051\/","title":{"rendered":"Officiel &#8211; Metz signe un nouvel attaquant g\u00e9orgien"},"content":{"rendered":"<p style=\"text-align: justify;\">Apr\u00e8s Georges Mikautadze, la G\u00e9orgie se rappelle au bon souvenir du FC <strong>Metz<\/strong>. Le club lorrain, promu en <strong>Ligue 1<\/strong>, s\u2019est attach\u00e9 ce vendredi les services de l\u2019international <strong>Georgiy<\/strong> <strong>Tsitaishvili<\/strong> (25 s\u00e9lections) en provenance du Dynamo Kiev.<\/p>\n<p style=\"text-align: justify;\">\u00c0 lire aussi &gt;&gt;\u00a0<a href=\"https:\/\/maligue2.fr\/2025\/07\/11\/mercato-leo-petrot-fait-ses-adieux-a-lasse-et-signe-en-espagne\/\" target=\"_blank\" rel=\"noopener\">Mercato \u2013 L\u00e9o P\u00e9trot fait ses adieux \u00e0 l\u2019ASSE et signe en Espagne<\/a><\/p>\n<p style=\"text-align: justify;\">La saison pass\u00e9e, le joueur de 24 ans \u00e9tait pr\u00eat\u00e9 \u00e0 Grenade, en Liga 2 espagnole pour un bilan positif : 36 apparitions, 7 buts et 4 passes d\u00e9cisives. Pr\u00e9sent\u00e9 comme un attaquant par le FC Metz, il \u00e9volue plus g\u00e9n\u00e9ralement au poste d\u2019ailier droit.<\/p>\n<p style=\"text-align: justify;\">\nPhoto \u00a9Loic Baratoux\/FEP\/Icon Sport<\/p>\n","protected":false},"excerpt":{"rendered":"Apr\u00e8s Georges Mikautadze, la G\u00e9orgie se rappelle au bon souvenir du FC Metz. Le club lorrain, promu en&hellip;\n","protected":false},"author":2,"featured_media":243052,"comment_status":"","ping_status":"","sticky":false,"template":"","format":"standard","meta":{"footnotes":""},"categories":[1410],"tags":[24683,63,1011,27,4677,38275,6212,60],"class_list":{"0":"post-243051","1":"post","2":"type-post","3":"status-publish","4":"format-standard","5":"has-post-thumbnail","7":"category-football","8":"tag-alaune4","9":"tag-football","10":"tag-fr","11":"tag-france","12":"tag-georges-mikautadze","13":"tag-georgiy-tsitaishvili","14":"tag-metz","15":"tag-sports"},"share_on_mastodon":{"url":"https:\/\/pubeurope.com\/@fr\/114835945170283734","error":""},"_links":{"self":[{"href":"https:\/\/www.europesays.com\/fr\/wp-json\/wp\/v2\/posts\/243051","targetHints":{"allow":["GET"]}}],"collection":[{"href":"https:\/\/www.europesays.com\/fr\/wp-json\/wp\/v2\/posts"}],"about":[{"href":"https:\/\/www.europesays.com\/fr\/wp-json\/wp\/v2\/types\/post"}],"author":[{"embeddable":true,"href":"https:\/\/www.europesays.com\/fr\/wp-json\/wp\/v2\/users\/2"}],"replies":[{"embeddable":true,"href":"https:\/\/www.europesays.com\/fr\/wp-json\/wp\/v2\/comments?post=243051"}],"version-history":[{"count":0,"href":"https:\/\/www.europesays.com\/fr\/wp-json\/wp\/v2\/posts\/243051\/revisions"}],"wp:featuredmedia":[{"embeddable":true,"href":"https:\/\/www.europesays.com\/fr\/wp-json\/wp\/v2\/media\/243052"}],"wp:attachment":[{"href":"https:\/\/www.europesays.com\/fr\/wp-json\/wp\/v2\/media?parent=243051"}],"wp:term":[{"taxonomy":"category","embeddable":true,"href":"https:\/\/www.europesays.com\/fr\/wp-json\/wp\/v2\/categories?post=243051"},{"taxonomy":"post_tag","embeddable":true,"href":"https:\/\/www.europesays.com\/fr\/wp-json\/wp\/v2\/tags?post=243051"}],"curies":[{"name":"wp","href":"https:\/\/api.w.org\/{rel}","templated":true}]}}