{"id":243055,"date":"2025-07-11T18:11:14","date_gmt":"2025-07-11T18:11:14","guid":{"rendered":"https:\/\/www.europesays.com\/fr\/243055\/"},"modified":"2025-07-11T18:11:14","modified_gmt":"2025-07-11T18:11:14","slug":"diana-markosian-laureate-du-9e-prix-de-la-photo-madame-figaro-aux-rencontres-darles","status":"publish","type":"post","link":"https:\/\/www.europesays.com\/fr\/243055\/","title":{"rendered":"Diana Markosian, laur\u00e9ate du 9e Prix de la Photo Madame Figaro aux Rencontres d\u2019Arles"},"content":{"rendered":"<p>                             Par Virginie Huet<\/p>\n<p>                Le 11 juillet 2025 \u00e0 19h04<\/p>\n<p>    Diana Markosian re\u00e7oit le Prix Photo Madame Figaro 2025. (Arles, le 10 juillet 2025.)<br \/>\n                Matias Injic<\/p>\n<p>Ce jeudi 10 juillet, le jury du Prix de la Photo Madame Figaro d\u00e9signait sa nouvelle laur\u00e9ate, la photographe russo-am\u00e9ricaine d\u2019origine arm\u00e9nienne, Diana Markosian.<\/p>\n<p class=\"fig-paragraph\">Le souffle court et la voix nou\u00e9e, Diana Markosian n\u2019en revient pas de recevoir le prix de la Photo Madame Figaro des mains d\u2019<a href=\"https:\/\/madame.lefigaro.fr\/tag\/isabelle-adjani\" target=\"_blank\" rel=\"sponsored noopener\" data-gtm-custom-categorie=\"navigation\" data-gtm-custom-action=\"crossclick\" data-gtm-custom-label=\"Contextuel\" data-gtm-event=\"customEventSPE\">Isabelle Adjani<\/a>, la pr\u00e9sidente du jury, elle-m\u00eame \u00abencore sous l\u2019\u00e9motion\u00bb suscit\u00e9e par un \u00abtravail autobiographique \u00e0 l\u2019\u00e9cho universel\u00bb. Quelques heures plus t\u00f4t, et \u00e0 quelques kilom\u00e8tres du th\u00e9\u00e2tre antique d\u2019Arles, son projet Father faisait en effet l\u2019unanimit\u00e9 lors des d\u00e9lib\u00e9rations tenues au Mas de la Fouque. Pr\u00e9sent\u00e9 \u00e0 l\u2019Espace Monoprix dans le cadre de la 56e \u00e9dition des\u00a0<a href=\"http:\/\/madame.lefigaro.fr\/celebrites\/culture\/dossier\/prix-de-la-photo-madame-figaro-arles\" data-fig-type=\"Topic\" data-gtm-custom-categorie=\"navigation\" data-gtm-custom-action=\"crossclick\" data-gtm-custom-label=\"Contextuel\" data-gtm-event=\"customEventSPE\" data-fig-domain=\"MADAME\" target=\"_blank\" rel=\"noopener\">Rencontres d\u2019Arles<\/a>, il convoque un fant\u00f4me, le p\u00e8re de Diana Markosian, soudain sorti de sa vie\u00a0: en 1996, l\u2019artiste a sept ans quand sa m\u00e8re la r\u00e9veille en pleine nuit, elle et son fr\u00e8re David. \u00abL\u2019Union sovi\u00e9tique s\u2019\u00e9tait effondr\u00e9e depuis longtemps, et ma famille aussi\u00bb, se rappelle celle qu\u2019un avion emporte alors pour la Californie, loin de sa Russie natale et de son p\u00e8re, averti par un mot laiss\u00e9 dans la cuisine, et depuis rest\u00e9 sans nouvelles.<\/p>\n<p class=\"fig-paragraph\">\u00abPendant la majeure partie de ma vie, mon p\u00e8re n\u2019\u00e9tait rien de plus qu\u2019une silhouette dans notre album de famille\u00bb, explique l\u2019autodidacte, citant la somme de portraits d\u00e9coup\u00e9s par sa m\u00e8re, comme pour l\u2019\u00e9vincer des annales. \u00abJ\u2019\u00e9tais si en col\u00e8re contre elle, qu\u2019il m\u2019a fallu la comprendre pour avancer\u00bb, pr\u00e9cise cette story-teller dont le premier projet Santa Barbara revisitait l\u2019histoire heurt\u00e9e de son arriv\u00e9e aux \u00c9tats-Unis, \u00e0 la fa\u00e7on d\u2019une autofiction. Reste que l\u2019homme qu\u2019elle retrouve en Arm\u00e9nie apr\u00e8s quinze ann\u00e9es de recherches, a tout d\u2019un \u00e9tranger. Le film et la photographie fourniront \u00e0 la fille et au p\u00e8re les moyens de renouer, faute de pouvoir rattraper le temps perdu. D\u2019archive ou d\u2019actualit\u00e9, fixes ou en mouvement, avec ou sans couleurs, des images tristes mais tendres composent un r\u00e9cit habit\u00e9 par l\u2019absence, et le fol espoir d\u2019un avenir partag\u00e9.<\/p>\n<p>    <a href=\"https:\/\/photo-madame.lefigaro.fr\/celebrites\/culture\/pluie-de-celebrites-aux-rencontres-d-arles-20250711\" target=\"_blank\" rel=\"noopener\"><\/p>\n<p class=\"fig-slideshow__title\">\n                    Pluie de c\u00e9l\u00e9brit\u00e9s aux Rencontres d\u2019Arles\n                <\/p>\n<p>    <\/a><\/p>\n<p>                                    <a class=\"fig-a11y-skip a11y-hidden\" href=\"#fig-a11y-skip-main-inarticle\"><br \/>\n        Passer la publicit\u00e9<br \/>\n    <\/a><\/p>\n<p class=\"fig-paragraph\">Diana Markosian remporte une dotation de 10 000 euros gr\u00e2ce au soutien de Kering, et son programme\u00a0<a href=\"https:\/\/madame.lefigaro.fr\/tag\/women-in-motion\" target=\"_blank\" rel=\"sponsored noopener\" data-gtm-custom-categorie=\"navigation\" data-gtm-custom-action=\"crossclick\" data-gtm-custom-label=\"Contextuel\" data-gtm-event=\"customEventSPE\">Women In Motion<\/a>, ainsi qu\u2019un shooting d\u2019une s\u00e9rie mode \u00e0 para\u00eetre dans Madame Figaro. Le prix photo Madame Figaro est accompagn\u00e9 par la FNAC et les cosm\u00e9tiques de luxe Augustinus Bader.<\/p>\n<p class=\"fig-paragraph\">Diana Markosian, Father, jusqu\u2019au 5 octobre, aux Rencontres d\u2019Arles.\u00a0<a href=\"https:\/\/www.rencontres-arles.com\/\" target=\"_blank\" rel=\"sponsored noopener\" data-gtm-custom-categorie=\"navigation\" data-gtm-custom-action=\"crossclick\" data-gtm-custom-label=\"Contextuel\" data-gtm-event=\"customEventSPE\">rencontres-arles.com<\/a><\/p>\n","protected":false},"excerpt":{"rendered":"Par Virginie Huet Le 11 juillet 2025 \u00e0 19h04 Diana Markosian re\u00e7oit le Prix Photo Madame Figaro 2025.&hellip;\n","protected":false},"author":2,"featured_media":243056,"comment_status":"","ping_status":"","sticky":false,"template":"","format":"standard","meta":{"footnotes":""},"categories":[1358],"tags":[1348,1384,1385,1386,58,59,1011,27,27053,35280,35279],"class_list":{"0":"post-243055","1":"post","2":"type-post","3":"status-publish","4":"format-standard","5":"has-post-thumbnail","7":"category-arts-et-design","8":"tag-arts","9":"tag-arts-and-design","10":"tag-arts-et-design","11":"tag-design","12":"tag-divertissement","13":"tag-entertainment","14":"tag-fr","15":"tag-france","16":"tag-isabelle-adjani","17":"tag-prix-de-la-photo-madame-figaro-arles","18":"tag-rencontres-darles"},"share_on_mastodon":{"url":"https:\/\/pubeurope.com\/@fr\/114835953193570457","error":""},"_links":{"self":[{"href":"https:\/\/www.europesays.com\/fr\/wp-json\/wp\/v2\/posts\/243055","targetHints":{"allow":["GET"]}}],"collection":[{"href":"https:\/\/www.europesays.com\/fr\/wp-json\/wp\/v2\/posts"}],"about":[{"href":"https:\/\/www.europesays.com\/fr\/wp-json\/wp\/v2\/types\/post"}],"author":[{"embeddable":true,"href":"https:\/\/www.europesays.com\/fr\/wp-json\/wp\/v2\/users\/2"}],"replies":[{"embeddable":true,"href":"https:\/\/www.europesays.com\/fr\/wp-json\/wp\/v2\/comments?post=243055"}],"version-history":[{"count":0,"href":"https:\/\/www.europesays.com\/fr\/wp-json\/wp\/v2\/posts\/243055\/revisions"}],"wp:featuredmedia":[{"embeddable":true,"href":"https:\/\/www.europesays.com\/fr\/wp-json\/wp\/v2\/media\/243056"}],"wp:attachment":[{"href":"https:\/\/www.europesays.com\/fr\/wp-json\/wp\/v2\/media?parent=243055"}],"wp:term":[{"taxonomy":"category","embeddable":true,"href":"https:\/\/www.europesays.com\/fr\/wp-json\/wp\/v2\/categories?post=243055"},{"taxonomy":"post_tag","embeddable":true,"href":"https:\/\/www.europesays.com\/fr\/wp-json\/wp\/v2\/tags?post=243055"}],"curies":[{"name":"wp","href":"https:\/\/api.w.org\/{rel}","templated":true}]}}