{"id":243059,"date":"2025-07-11T18:13:21","date_gmt":"2025-07-11T18:13:21","guid":{"rendered":"https:\/\/www.europesays.com\/fr\/243059\/"},"modified":"2025-07-11T18:13:21","modified_gmt":"2025-07-11T18:13:21","slug":"bbc-a-la-francaise-revente-plus-rapide-dune-frequence-tnt-ce-que-contient-la-loi-dati-sur-laudiovisuel-public","status":"publish","type":"post","link":"https:\/\/www.europesays.com\/fr\/243059\/","title":{"rendered":"\u00abBBC \u00e0 la fran\u00e7aise\u00bb, revente plus rapide d\u2019une fr\u00e9quence TNT\u2026 Ce que contient la loi Dati sur l\u2019audiovisuel public"},"content":{"rendered":"<p><strong>D\u00c9CRYPTAGE &#8211; <\/strong>Adopt\u00e9 en deuxi\u00e8me lecture au S\u00e9nat, le texte sur l\u2019audiovisuel public devrait revenir \u00e0 l\u2019Assembl\u00e9e nationale \u00e0 la rentr\u00e9e.<\/p>\n<p class=\"fig-paragraph\">D\u00e9fendue par la ministre de la Culture, fustig\u00e9e par la gauche, la proposition de loi relative \u00e0\u00a0<a href=\"http:\/\/www.lefigaro.fr\/politique\/c-est-l-acte-vengeur-d-une-rachida-dati-vexee-la-loi-audiovisuelle-adoptee-au-senat-apres-une-manoeuvre-inedite-20250711\" target=\"_blank\" data-fig-type=\"NewsFlash\" rel=\"noopener nofollow\" data-gtm-custom-categorie=\"navigation\" data-gtm-custom-action=\"crossclick\" data-gtm-custom-label=\"Contextuel\" data-gtm-event=\"customEventSPE\" data-fig-domain=\"LEFIGARO\">la r\u00e9forme de la loi audiovisuelle<\/a>\u00a0de 1986 divise. Les grands objectifs poursuivis par ce texte, adopt\u00e9 en deuxi\u00e8me lecture au S\u00e9nat, sont de deux ordres.<\/p>\n<p class=\"fig-paragraph\"><strong>Faire \u00e9merger une \u00ab\u00a0BBC \u00e0 la fran\u00e7aise\u00a0\u00bb<\/strong>\u00a0: c\u2019est la mesure phare du projet de loi audiovisuelle, qui s\u2019appuie sur le texte du s\u00e9nateur Laurent Lafon (Union centriste). Pour faire face \u00e0 la concurrence de plateformes mondialis\u00e9es et afin d\u2019acc\u00e9l\u00e9rer les synergies, la proposition de loi pr\u00e9voit de cr\u00e9er le 1er\u00a0janvier 2026 un holding, France M\u00e9dias, qui chapeauterait France T\u00e9l\u00e9visions, Radio France et l\u2019INA (Institut national de l\u2019audiovisuel). \u00c0 l\u2019origine, figurait aussi France M\u00e9dias Monde (France\u00a024, RFI), la \u00ab\u00a0voix\u00a0\u00bb de la France \u00e0 l\u2019international. Cette derni\u00e8re a \u00e9t\u00e9 finalement exclue.<\/p>\n<p class=\"fig-body-link\">\n            \u00c0 lire aussi<br \/>\n        <a class=\"fig-body-link__link fig-premium-mark\" href=\"http:\/\/www.lefigaro.fr\/politique\/la-reforme-de-l-audiovisuel-public-voulue-par-rachida-dati-rejetee-d-emblee-a-l-assemblee-20250630\" data-fig-type=\"Article\" data-gtm-custom-categorie=\"navigation\" data-gtm-custom-action=\"crossclick\" data-gtm-custom-label=\"Contextuel\" data-gtm-event=\"customEventSPE\" data-fig-domain=\"LEFIGARO\" rel=\"nofollow noopener\" target=\"_blank\">La r\u00e9forme de l\u2019audiovisuel public voulue par Rachida Dati rejet\u00e9e d\u2019embl\u00e9e \u00e0 l\u2019Assembl\u00e9e<br \/>\n    <\/a>\n<\/p>\n<p class=\"fig-paragraph\">La structure serait plac\u00e9e sous l\u2019autorit\u00e9 d\u2019un pr\u00e9sident-directeur g\u00e9n\u00e9ral, nomm\u00e9 pour un mandat de cinq ans par l\u2019Arcom, le r\u00e9gulateur de\u2026<\/p>\n<p class=\"fig-premium-paywall__infos\">\n        Cet article est r\u00e9serv\u00e9 aux abonn\u00e9s.        Il vous reste 68% \u00e0 d\u00e9couvrir.\n    <\/p>\n<p>                <img  data- alt=\"Le Figaro\" class=\"fig-img--complete fig-img\"\/><\/p>\n<p class=\"fig-premium-paywall__title\">Vous avez envie de lire la suite ?<\/p>\n<p class=\"fig-premium-paywall__subtitle\">D\u00e9bloquez tous les articles imm\u00e9diatement.<\/p>\n<p class=\"fig-premium-paywall__connect\">\n                D\u00e9j\u00e0 abonn\u00e9\u00a0?                <a class=\"fig-premium-paywall__connect-link\" href=\"https:\/\/connect.lefigaro.fr\/login?client=horizon_web&amp;type=main&amp;redirect_uri=https%3A%2F%2Fwww.lefigaro.fr%2Fmedias%2Fbbc-a-la-francaise-revente-plus-rapide-d-une-frequence-tnt-ce-que-contient-la-loi-dati-sur-l-audiovisuel-public-20250711\" data-js-gtm=\"{&quot;customCategorie&quot;: &quot;conversion&quot;, &quot;customAction&quot;: &quot;before_Landing_Connexion_paywall_auto&quot;, &quot;customLabel&quot;: &quot;bGVmaWdhcm8uZnJfXzFmMDVlNGY5LTYwNjktNjJhZS05MzQyLTA1YTgyMzFhOTVhY19fQXJ0aWNsZQ==_\u00abBBC \u00e0 la fran\u00e7aise\u00bb, revente plus rapide d\u2019une fr\u00e9quence TNT\u2026 Ce que contient la loi Dati sur l\u2019audiovisuel public_137&quot;, &quot;customIDSPE&quot;: &quot;bGVmaWdhcm8uZnJfXzFmMDVlNGY5LTYwNjktNjJhZS05MzQyLTA1YTgyMzFhOTVhY19fQXJ0aWNsZQ==&quot;, &quot;event&quot;: &quot;customEventSPE&quot;}\" rel=\"nofollow noopener\" target=\"_blank\"><br \/>\n                    Connectez-vous<br \/>\n                <\/a>\n            <\/p>\n","protected":false},"excerpt":{"rendered":"D\u00c9CRYPTAGE &#8211; Adopt\u00e9 en deuxi\u00e8me lecture au S\u00e9nat, le texte sur l\u2019audiovisuel public devrait revenir \u00e0 l\u2019Assembl\u00e9e nationale&hellip;\n","protected":false},"author":2,"featured_media":243060,"comment_status":"","ping_status":"","sticky":false,"template":"","format":"standard","meta":{"footnotes":""},"categories":[1356],"tags":[58,59,1011,27,38276,417,252,1364],"class_list":{"0":"post-243059","1":"post","2":"type-post","3":"status-publish","4":"format-standard","5":"has-post-thumbnail","7":"category-television","8":"tag-divertissement","9":"tag-entertainment","10":"tag-fr","11":"tag-france","12":"tag-loi-audiovisuelle","13":"tag-rachida-dati","14":"tag-television","15":"tag-tv"},"share_on_mastodon":{"url":"https:\/\/pubeurope.com\/@fr\/114835961096488604","error":""},"_links":{"self":[{"href":"https:\/\/www.europesays.com\/fr\/wp-json\/wp\/v2\/posts\/243059","targetHints":{"allow":["GET"]}}],"collection":[{"href":"https:\/\/www.europesays.com\/fr\/wp-json\/wp\/v2\/posts"}],"about":[{"href":"https:\/\/www.europesays.com\/fr\/wp-json\/wp\/v2\/types\/post"}],"author":[{"embeddable":true,"href":"https:\/\/www.europesays.com\/fr\/wp-json\/wp\/v2\/users\/2"}],"replies":[{"embeddable":true,"href":"https:\/\/www.europesays.com\/fr\/wp-json\/wp\/v2\/comments?post=243059"}],"version-history":[{"count":0,"href":"https:\/\/www.europesays.com\/fr\/wp-json\/wp\/v2\/posts\/243059\/revisions"}],"wp:featuredmedia":[{"embeddable":true,"href":"https:\/\/www.europesays.com\/fr\/wp-json\/wp\/v2\/media\/243060"}],"wp:attachment":[{"href":"https:\/\/www.europesays.com\/fr\/wp-json\/wp\/v2\/media?parent=243059"}],"wp:term":[{"taxonomy":"category","embeddable":true,"href":"https:\/\/www.europesays.com\/fr\/wp-json\/wp\/v2\/categories?post=243059"},{"taxonomy":"post_tag","embeddable":true,"href":"https:\/\/www.europesays.com\/fr\/wp-json\/wp\/v2\/tags?post=243059"}],"curies":[{"name":"wp","href":"https:\/\/api.w.org\/{rel}","templated":true}]}}