{"id":243065,"date":"2025-07-11T18:16:08","date_gmt":"2025-07-11T18:16:08","guid":{"rendered":"https:\/\/www.europesays.com\/fr\/243065\/"},"modified":"2025-07-11T18:16:08","modified_gmt":"2025-07-11T18:16:08","slug":"votre-cerveau-devoile-votre-avenir-medical-un-nouveau-scanner-cerebral-a-la-cinquantaine-permet-de-predire-des-maladies-chroniques-des-annees-a-lavance","status":"publish","type":"post","link":"https:\/\/www.europesays.com\/fr\/243065\/","title":{"rendered":"\u00ab Votre cerveau d\u00e9voile votre avenir m\u00e9dical \u00bb : un nouveau scanner c\u00e9r\u00e9bral \u00e0 la cinquantaine permet de pr\u00e9dire des maladies chroniques des ann\u00e9es \u00e0 l\u2019avance"},"content":{"rendered":"<tr>\n<td><strong>EN BREF<\/strong><\/td>\n<\/tr>\n<tr>\n<td>\n<ul>\n<li>\ud83e\udde0 Une <strong>imagerie c\u00e9r\u00e9brale non invasive<\/strong> peut pr\u00e9dire les risques de maladies chroniques \u00e0 venir.<\/li>\n<li>Le <strong>DunedinPACNI<\/strong>, d\u00e9velopp\u00e9 par des chercheurs de Duke, Harvard et Otago, mesure la vitesse de vieillissement du cerveau.<\/li>\n<li>Cette technologie encourage des <strong>changements de mode de vie<\/strong> pour pr\u00e9venir des maladies comme l\u2019Alzheimer.<\/li>\n<li>Elle offre des <strong>perspectives prometteuses<\/strong> pour r\u00e9duire les co\u00fbts de sant\u00e9 publique li\u00e9s aux maladies d\u00e9g\u00e9n\u00e9ratives.<\/li>\n<\/ul>\n<\/td>\n<\/tr>\n<p>La science avance \u00e0 grands pas, et certaines d\u00e9couvertes ouvrent des perspectives fascinantes pour notre sant\u00e9 future. Une simple <strong>imagerie c\u00e9r\u00e9brale<\/strong> non invasive, r\u00e9alis\u00e9e en quelques minutes \u00e0 la mi-vie, pourrait pr\u00e9dire les maladies chroniques susceptibles de se manifester dans les ann\u00e9es \u00e0 venir. Cette avanc\u00e9e offre la possibilit\u00e9 aux individus d\u2019ajuster leur alimentation et leur mode de vie bien avant l\u2019apparition des premiers sympt\u00f4mes, r\u00e9duisant ainsi les risques de conditions d\u00e9g\u00e9n\u00e9ratives comme la maladie d\u2019Alzheimer. L\u2019impact potentiel sur la sant\u00e9 future est consid\u00e9rable.<\/p>\n<p>L\u2019innovation du DunedinPACNI<\/p>\n<p>D\u00e9velopp\u00e9 par des chercheurs de renom des universit\u00e9s de Duke, Harvard et Otago, le <strong>Dunedin Pace of Aging Calculated from NeuroImaging<\/strong>, ou DunedinPACNI, est un outil r\u00e9volutionnaire. Ce scan c\u00e9r\u00e9bral offre une \u00e9valuation pr\u00e9cise de la vitesse \u00e0 laquelle notre cerveau vieillit. Il ne se limite pas \u00e0 pr\u00e9dire le d\u00e9clin cognitif ou l\u2019atrophie c\u00e9r\u00e9brale acc\u00e9l\u00e9r\u00e9e menant \u00e0 une d\u00e9mence diagnostiqu\u00e9e. Il constitue \u00e9galement un indicateur des risques de fragilit\u00e9 physique, de mauvaise sant\u00e9 et de mortalit\u00e9 future. Ces informations vitales peuvent transformer notre approche de la pr\u00e9vention des maladies chroniques.<\/p>\n<blockquote class=\"wp-embedded-content\" data-secret=\"7mvuXga1Zt\">\n<p><a href=\"https:\/\/vivredemain.fr\/2025\/06\/26\/ce-que-cache-votre-caca-peut-vous-tuer-une-decouverte-glacante-relie-les-selles-a-une-mort-imminente\/\" rel=\"nofollow noopener\" target=\"_blank\">\u00ab Ce que cache votre caca peut vous tuer \u00bb : une d\u00e9couverte gla\u00e7ante relie les selles \u00e0 une mort imminente<\/a><\/p>\n<\/blockquote>\n<p>Impact sur les choix de vie<\/p>\n<p>Avec la possibilit\u00e9 de conna\u00eetre \u00e0 l\u2019avance les risques de maladies, les individus peuvent \u00eatre incit\u00e9s \u00e0 adopter des changements de mode de vie significatifs. Des ajustements dans l\u2019alimentation, l\u2019activit\u00e9 physique et d\u2019autres habitudes peuvent \u00eatre mis en \u0153uvre pour retarder ou m\u00eame pr\u00e9venir l\u2019apparition de maladies chroniques. Ce diagnostic pr\u00e9coce est une <strong>arme puissante<\/strong> pour am\u00e9liorer la qualit\u00e9 de vie et prolonger l\u2019esp\u00e9rance de vie. L\u2019anticipation devient ainsi un atout majeur pour une vieillesse en meilleure sant\u00e9.<\/p>\n<blockquote class=\"wp-embedded-content\" data-secret=\"1SFtWbw78f\">\n<p><a href=\"https:\/\/vivredemain.fr\/2025\/04\/18\/nous-avons-cree-limpensable-les-chercheurs-anglais-devoilent-les-spaghettis-les-plus-fins-du-monde-mais-totalement-immangeables\/\" rel=\"nofollow noopener\" target=\"_blank\">\u00ab Nous avons cr\u00e9\u00e9 l\u2019impensable \u00bb : les chercheurs anglais d\u00e9voilent les spaghettis les plus fins du monde, mais totalement immangeables<\/a><\/p>\n<\/blockquote>\n<p>Les b\u00e9n\u00e9fices pour la sant\u00e9 publique<\/p>\n<p>Les implications de cette technologie ne se limitent pas aux individus. \u00c0 l\u2019\u00e9chelle de la sant\u00e9 publique, l\u2019utilisation g\u00e9n\u00e9ralis\u00e9e du DunedinPACNI pourrait entra\u00eener une r\u00e9duction significative des co\u00fbts de sant\u00e9 li\u00e9s \u00e0 la prise en charge des maladies d\u00e9g\u00e9n\u00e9ratives. Pr\u00e9venir plut\u00f4t que gu\u00e9rir devient une strat\u00e9gie r\u00e9alisable, all\u00e9geant ainsi la pression sur les syst\u00e8mes de sant\u00e9 et permettant une allocation plus efficace des ressources. De plus, une population en meilleure sant\u00e9 contribuerait \u00e0 une soci\u00e9t\u00e9 plus productive et plus heureuse.<\/p>\n<blockquote class=\"wp-embedded-content\" data-secret=\"jV9ZQJjHX9\">\n<p><a href=\"https:\/\/vivredemain.fr\/2025\/03\/18\/influenceurs-ecolos-ong-activistes-acheter-des-fans-com-le-site-qui-decuple-leur-influence-sur-les-reseaux-sociaux\/\" rel=\"nofollow noopener\" target=\"_blank\">Influenceurs \u00e9colos, ONG, activistes\u2026 Acheter-des-Fans.com, le site qui d\u00e9cuple leur influence sur les r\u00e9seaux sociaux<\/a><\/p>\n<\/blockquote>\n<p>Les perspectives futures de la recherche<\/p>\n<p>Bien que les r\u00e9sultats actuels soient prometteurs, les chercheurs continuent d\u2019explorer de nouvelles applications du DunedinPACNI. L\u2019objectif est de raffiner encore davantage la pr\u00e9cision des pr\u00e9dictions et d\u2019\u00e9largir la port\u00e9e des maladies pouvant \u00eatre d\u00e9tect\u00e9es. Les collaborations internationales et les avanc\u00e9es technologiques en imagerie m\u00e9dicale sont des \u00e9l\u00e9ments cl\u00e9s pour l\u2019avenir de cette recherche. Cette qu\u00eate incessante de connaissances pourrait bien ouvrir la voie \u00e0 de nouvelles m\u00e9thodes de diagnostic et de pr\u00e9vention des maladies.<\/p>\n<p>Alors que nous avan\u00e7ons dans l\u2019exploration des potentialit\u00e9s du DunedinPACNI, il est essentiel de se demander : comment cette technologie pourrait-elle transformer notre approche de la sant\u00e9 pr\u00e9ventive et quels d\u00e9fis \u00e9thiques et pratiques pourrions-nous rencontrer en l\u2019int\u00e9grant dans notre quotidien ?<\/p>\n<p>Cet article s\u2019appuie sur des sources v\u00e9rifi\u00e9es et l\u2019assistance de technologies \u00e9ditoriales.<\/p>\n<p id=\"rating\">\u00c7a vous a plu ?\u00a04.6\/5 (20)<\/p>\n","protected":false},"excerpt":{"rendered":"EN BREF \ud83e\udde0 Une imagerie c\u00e9r\u00e9brale non invasive peut pr\u00e9dire les risques de maladies chroniques \u00e0 venir. Le&hellip;\n","protected":false},"author":2,"featured_media":243066,"comment_status":"","ping_status":"","sticky":false,"template":"","format":"standard","meta":{"footnotes":""},"categories":[10],"tags":[1011,27,72,71],"class_list":{"0":"post-243065","1":"post","2":"type-post","3":"status-publish","4":"format-standard","5":"has-post-thumbnail","7":"category-sante","8":"tag-fr","9":"tag-france","10":"tag-health","11":"tag-sante"},"share_on_mastodon":{"url":"https:\/\/pubeurope.com\/@fr\/114835972647872266","error":""},"_links":{"self":[{"href":"https:\/\/www.europesays.com\/fr\/wp-json\/wp\/v2\/posts\/243065","targetHints":{"allow":["GET"]}}],"collection":[{"href":"https:\/\/www.europesays.com\/fr\/wp-json\/wp\/v2\/posts"}],"about":[{"href":"https:\/\/www.europesays.com\/fr\/wp-json\/wp\/v2\/types\/post"}],"author":[{"embeddable":true,"href":"https:\/\/www.europesays.com\/fr\/wp-json\/wp\/v2\/users\/2"}],"replies":[{"embeddable":true,"href":"https:\/\/www.europesays.com\/fr\/wp-json\/wp\/v2\/comments?post=243065"}],"version-history":[{"count":0,"href":"https:\/\/www.europesays.com\/fr\/wp-json\/wp\/v2\/posts\/243065\/revisions"}],"wp:featuredmedia":[{"embeddable":true,"href":"https:\/\/www.europesays.com\/fr\/wp-json\/wp\/v2\/media\/243066"}],"wp:attachment":[{"href":"https:\/\/www.europesays.com\/fr\/wp-json\/wp\/v2\/media?parent=243065"}],"wp:term":[{"taxonomy":"category","embeddable":true,"href":"https:\/\/www.europesays.com\/fr\/wp-json\/wp\/v2\/categories?post=243065"},{"taxonomy":"post_tag","embeddable":true,"href":"https:\/\/www.europesays.com\/fr\/wp-json\/wp\/v2\/tags?post=243065"}],"curies":[{"name":"wp","href":"https:\/\/api.w.org\/{rel}","templated":true}]}}