{"id":243068,"date":"2025-07-11T18:18:11","date_gmt":"2025-07-11T18:18:11","guid":{"rendered":"https:\/\/www.europesays.com\/fr\/243068\/"},"modified":"2025-07-11T18:18:11","modified_gmt":"2025-07-11T18:18:11","slug":"la-star-de-tele-realite-fidji-ruiz-et-son-compagnon-anas-victimes-dun-tres-grave-accident-de-la-route","status":"publish","type":"post","link":"https:\/\/www.europesays.com\/fr\/243068\/","title":{"rendered":"La star de t\u00e9l\u00e9-r\u00e9alit\u00e9 Fidji Ruiz et son compagnon Anas victimes d\u2019un tr\u00e8s grave accident de la route"},"content":{"rendered":"<p>      R\u00e9sum\u00e9<\/p>\n<p>Fidji Ruiz et son mari ont \u00e9t\u00e9 gri\u00e8vement bless\u00e9s dans un accident \u00e0 Marrakech, avec une intervention chirurgicale urgente pour lui et un appel \u00e0 la pri\u00e8re de la part de la jeune maman.<\/p>\n<p>        Sommaire<\/p>\n<p>Vives inqui\u00e9tudes <a href=\"https:\/\/www.public.fr\/fidji-ruiz-nouvelle-revelation-sur-sa-conversion-a-lislam-sur-une-chaine-de-television-algerienne\" target=\"_blank\" rel=\"noopener\">pour Fidji Ruiz<\/a> et <a href=\"https:\/\/www.public.fr\/fidji-ruiz-son-cheri-fait-une-enorme-erreur-avec-leur-nouveau-ne-et-devient-menacant\" target=\"_blank\" rel=\"noopener\">son compagnon Anas<\/a>. L\u2019ancienne candidate de t\u00e9l\u00e9-r\u00e9alit\u00e9 a publi\u00e9 une story Instagram, ce vendredi 11 juillet 2025, dans laquelle elle indique avoir \u00e9t\u00e9 victime d\u2019un grave accident de la route alors qu\u2019elle se trouvait \u00e0 Marrakech avec son mari.\u00a0<\/p>\n<p>Si <a href=\"https:\/\/www.instagram.com\/fidji_ruiz\/?hl=fr\" target=\"_blank\" rel=\"noopener\">la jeune maman<\/a> para\u00eet sortie d\u2019affaire, cela ne semble pas le cas de sa moiti\u00e9. En effet, elle a demand\u00e9 \u00e0 ses abonn\u00e9s de prier pour lui alors qu\u2019il se rendait au bloc op\u00e9ration pour se faire op\u00e9rer en urgence selon ses dires.\u00a0<\/p>\n<p>Un couple heureux malgr\u00e9 des moments compliqu\u00e9s<\/p>\n<p>Fidji Ruiz coule des jours heureux dans les bras d\u2019Anas depuis ao\u00fbt 2020. Ensemble, bien qu\u2019ils aient travers\u00e9 quelques moments compliqu\u00e9s, ils ont pu montrer que l\u2019amour pouvait triompher m\u00eame en p\u00e9riode de temp\u00eate.<\/p>\n<p>La preuve, le 6 mars 2024, lorsque leur couple conna\u00eet l\u2019ultime bonheur avec l\u2019arriv\u00e9e de leur merveille, <a href=\"https:\/\/www.public.fr\/fidji-ruiz-la-candidate-de-tele-realite-a-accouche-de-son-premier-enfant-le-visage-de-souleymen-devoile\" target=\"_blank\" rel=\"noopener\">un petit gar\u00e7on nomm\u00e9 Souleymen<\/a>. Malgr\u00e9 la joie de devenir m\u00e8re, l\u2019ancienne candidate de <strong>\u00ab\u00a0Friends Trip\u00a0\u00bb<\/strong> et de nombreux autres programmes de t\u00e9l\u00e9-r\u00e9alit\u00e9 n\u2019a jamais cach\u00e9 le fait de rencontrer quelques difficult\u00e9s dans son nouveau r\u00f4le de m\u00e8re.\u00a0<\/p>\n<p>En mai 2024, elle exprimait en effet son \u00e9puisement aupr\u00e8s de ses abonn\u00e9s sur ses r\u00e9seaux sociaux. \u00ab\u00a0Il est 21h25. J\u2019ai pas eu le temps de me faire \u00e0 manger ou de me poser pour depuis ce matin B\u00e9b\u00e9 m&rsquo;a demand\u00e9 \u00e9norm\u00e9ment d&rsquo;attention toute la journ\u00e9e ! Je suis \u00e9puis\u00e9 l&rsquo;arrive \u00e0 rien m\u00eame plus \u00e0 r\u00e9fl\u00e9chir. Vraiment je suis d\u00e9pass\u00e9 ce soir. Je pense j&rsquo;ai un gros coup de fatigue accumul\u00e9 de nouvelle maman\u00a0\u00bb, avouait-elle.<\/p>\n<p>Fidji Ruiz victime d&rsquo;un grave accident de la route, son mari Anas en danger ? <\/p>\n<p>Aujourd\u2019hui, le plus dur semble derri\u00e8re elle. N\u00e9anmoins, Fidji Ruiz fait face \u00e0 une nouvelle difficult\u00e9 et pas des moindres depuis quelques heures. <strong>Un drame<\/strong> vient de frapper la m\u00e8re de famille et son compagnon comme la principale int\u00e9ress\u00e9e vient de l\u2019annoncer \u00e0 ses abonn\u00e9s sur Instagram.<\/p>\n<p>Comme \u00e9voqu\u00e9, le couple a en effet \u00e9t\u00e9 victime d\u2019un accident de la route. <strong>\u00ab\u00a0Nous avons eu un grave accident de la route hier \u00e0 Marrakech\u00a0\u00bb<\/strong>, annonce-t-elle \u00e0 sa communaut\u00e9. Dans la suite de sa story, Fidji Ruiz r\u00e9v\u00e8le : \u00ab\u00a0\u00c7a fait maintenant 24 heures que nous sommes hospitalis\u00e9s. S\u2019il vous pla\u00eet, priez\u00a0\u00bb.\u00a0<\/p>\n<p>Si la jeune maman demande des pri\u00e8res de la part de ses abonn\u00e9s, c\u2019est parce que son compagnon se trouve dans un \u00e9tat compliqu\u00e9. \u00ab\u00a0<strong>Anas par en urgence en op\u00e9ration<\/strong>, priez pour lui. Priez pour mon mari Anas s\u2019il vous plait\u00a0\u00bb, mart\u00e8le-t-elle. En esp\u00e9rant que des nouvelles rassurantes vont rapidement tomber pour Fidji Ruiz et son mari.\u00a0<\/p>\n<p><img loading=\"lazy\" decoding=\"async\" width=\"471\" height=\"1024\" src=\"https:\/\/www.europesays.com\/fr\/wp-content\/uploads\/2025\/07\/WhatsApp-Image-2025-07-11-at-18.47.45-471x1024.jpeg\" alt=\"La star de t\u00e9l\u00e9-r\u00e9alit\u00e9 Fidji Ruiz et son compagnon Anas victimes d\u2019un tr\u00e8s grave accident de la route\"  \/><\/p>\n<p>Instagram\/fidji_ruiz<\/p>\n<p><img loading=\"lazy\" decoding=\"async\" width=\"471\" height=\"1024\" src=\"https:\/\/www.europesays.com\/fr\/wp-content\/uploads\/2025\/07\/WhatsApp-Image-2025-07-11-at-18.47.57-471x1024.jpeg\" alt=\"La star de t\u00e9l\u00e9-r\u00e9alit\u00e9 Fidji Ruiz et son compagnon Anas victimes d\u2019un tr\u00e8s grave accident de la route\"  \/><\/p>\n<p>Instagram\/fidji_ruiz<\/p>\n<p>      Mentionn\u00e9s dans cet article<\/p>\n<p>\u00c0 lire aussi<\/p>\n<p><script async src=\"\/\/www.instagram.com\/embed.js\"><\/script><\/p>\n","protected":false},"excerpt":{"rendered":"R\u00e9sum\u00e9 Fidji Ruiz et son mari ont \u00e9t\u00e9 gri\u00e8vement bless\u00e9s dans un accident \u00e0 Marrakech, avec une intervention&hellip;\n","protected":false},"author":2,"featured_media":243069,"comment_status":"","ping_status":"","sticky":false,"template":"","format":"standard","meta":{"footnotes":""},"categories":[8],"tags":[119,4376,58,59,20024,1011,27],"class_list":{"0":"post-243068","1":"post","2":"type-post","3":"status-publish","4":"format-standard","5":"has-post-thumbnail","7":"category-divertissement","8":"tag-accident","9":"tag-accident-de-la-route","10":"tag-divertissement","11":"tag-entertainment","12":"tag-fidji","13":"tag-fr","14":"tag-france"},"share_on_mastodon":{"url":"https:\/\/pubeurope.com\/@fr\/114835980916921524","error":""},"_links":{"self":[{"href":"https:\/\/www.europesays.com\/fr\/wp-json\/wp\/v2\/posts\/243068","targetHints":{"allow":["GET"]}}],"collection":[{"href":"https:\/\/www.europesays.com\/fr\/wp-json\/wp\/v2\/posts"}],"about":[{"href":"https:\/\/www.europesays.com\/fr\/wp-json\/wp\/v2\/types\/post"}],"author":[{"embeddable":true,"href":"https:\/\/www.europesays.com\/fr\/wp-json\/wp\/v2\/users\/2"}],"replies":[{"embeddable":true,"href":"https:\/\/www.europesays.com\/fr\/wp-json\/wp\/v2\/comments?post=243068"}],"version-history":[{"count":0,"href":"https:\/\/www.europesays.com\/fr\/wp-json\/wp\/v2\/posts\/243068\/revisions"}],"wp:featuredmedia":[{"embeddable":true,"href":"https:\/\/www.europesays.com\/fr\/wp-json\/wp\/v2\/media\/243069"}],"wp:attachment":[{"href":"https:\/\/www.europesays.com\/fr\/wp-json\/wp\/v2\/media?parent=243068"}],"wp:term":[{"taxonomy":"category","embeddable":true,"href":"https:\/\/www.europesays.com\/fr\/wp-json\/wp\/v2\/categories?post=243068"},{"taxonomy":"post_tag","embeddable":true,"href":"https:\/\/www.europesays.com\/fr\/wp-json\/wp\/v2\/tags?post=243068"}],"curies":[{"name":"wp","href":"https:\/\/api.w.org\/{rel}","templated":true}]}}