{"id":24307,"date":"2025-04-14T13:13:10","date_gmt":"2025-04-14T13:13:10","guid":{"rendered":"https:\/\/www.europesays.com\/fr\/24307\/"},"modified":"2025-04-14T13:13:10","modified_gmt":"2025-04-14T13:13:10","slug":"cest-quoi-la-prof-nouveau-roman-par-lautrice-de-la-femme-de-menage","status":"publish","type":"post","link":"https:\/\/www.europesays.com\/fr\/24307\/","title":{"rendered":"C&rsquo;est quoi \u201cLa prof\u201d, nouveau roman par l&rsquo;autrice de \u201cLa femme de m\u00e9nage\u201d ?"},"content":{"rendered":"<p>Apr\u00e8s le succ\u00e8s plan\u00e9taire de La femme de m\u00e9nage, l\u2019autrice am\u00e9ricaine Freida McFadden signe son grand retour avec La prof, un nouveau thriller domestique qui r\u00e9unit tous les ingr\u00e9dients d\u2019un futur best-seller.<\/p>\n<p>C\u2019est sans doute l\u2019un des romans les plus attendus du printemps 2025. Avec <a href=\"https:\/\/www.fnac.com\/a21128683\/Freida-McFadden-La-prof\" target=\"_blank\" rel=\"noreferrer noopener\">La prof<\/a>, \u00e0 para\u00eetre le 16 avril aux \u00e9ditions City, <a href=\"https:\/\/www.fnac.com\/ia10757763\/Freida-McFadden\" target=\"_blank\" rel=\"noreferrer noopener\">Freida McFadden<\/a> revient en librairie port\u00e9e par un succ\u00e8s litt\u00e9raire qui ne faiblit pas.<\/p>\n<blockquote class=\"instagram-media\" data-instgrm-captioned=\"\" data-instgrm-permalink=\"https:\/\/www.instagram.com\/p\/DFLH19Etcu9\/?utm_source=ig_embed&amp;utm_campaign=loading\" data-instgrm-version=\"14\" style=\" background:#FFF; border:0; border-radius:3px; box-shadow:0 0 1px 0 rgba(0,0,0,0.5),0 1px 10px 0 rgba(0,0,0,0.15); margin: 1px; max-width:540px; min-width:326px; padding:0; width:99.375%; width:-webkit-calc(100% - 2px); width:calc(100% - 2px);\"\/>\n<p>En 2024, <a href=\"https:\/\/leclaireur.fnac.com\/article\/530041-la-femme-de-menage-cest-quoi-ce-livre-qui-cartonne\/\" target=\"_blank\" rel=\"noreferrer noopener\">La femme de m\u00e9nage<\/a> a pulv\u00e9ris\u00e9 tous les compteurs en France : plus d\u2019un million d\u2019exemplaires vendus, premi\u00e8re place des ventes pendant plusieurs semaines et une omnipr\u00e9sence dans les classements Edistat. Aux \u00c9tats-Unis, une adaptation cin\u00e9matographique est en pr\u00e9paration avec Amanda Seyfried et <a href=\"https:\/\/leclaireur.fnac.com\/article\/141519-lactrice-sydney-sweeney-a-la-conquete-dhollywood\/\" target=\"_blank\" rel=\"noreferrer noopener\">Sydney Sweeney<\/a>.<\/p>\n<p>Une nouvelle h\u00e9ro\u00efne face au doute<\/p>\n<p>Dans ce nouveau thriller domestique, l\u2019autrice change de d\u00e9cor, mais conserve ses codes. Elle s\u2019int\u00e9resse cette fois \u00e0 Eve Bennett, enseignante de math\u00e9matiques dans un lyc\u00e9e de province, mari\u00e9e \u00e0 Nate, prof d\u2019anglais dans le m\u00eame \u00e9tablissement.<\/p>\n<p>Chaque matin, le couple semble parfaitement coordonn\u00e9, fusionnel. Mais le retour d\u2019une \u00e9l\u00e8ve au pass\u00e9 trouble, Addie, va fissurer cette harmonie apparente. Soup\u00e7onn\u00e9e l\u2019an pass\u00e9 d\u2019avoir entretenu une liaison avec un professeur \u00e9vinc\u00e9 depuis, Addie int\u00e8gre cette ann\u00e9e les cours d\u2019Eve\u2026 et de Nate. Peu \u00e0 peu, Eve sombre dans le doute.<\/p>\n<p>L\u2019ascension d\u2019une plume<\/p>\n<p>Freida McFadden est devenue, en l\u2019espace de deux ans, l\u2019une des autrices les plus puissantes de la sc\u00e8ne mondiale du thriller psychologique. Ancienne m\u00e9decin sp\u00e9cialis\u00e9e dans les l\u00e9sions c\u00e9r\u00e9brales, elle continue d\u2019exercer \u00e0 temps partiel dans la r\u00e9gion de Boston. Publi\u00e9e d\u2019abord \u00e0 compte d\u2019auteur, elle est r\u00e9v\u00e9l\u00e9e en 2022 avec La Femme de m\u00e9nage. Ce <a href=\"https:\/\/www.fnac.com\/livre.asp\" target=\"_blank\" rel=\"noreferrer noopener\">roman<\/a> sombre, \u00e9crit sur un coin de canap\u00e9, l\u2019a propuls\u00e9e en t\u00eate des ventes aux \u00c9tats-Unis et dans sept autres pays.<\/p>\n<blockquote class=\"instagram-media\" data-instgrm-captioned=\"\" data-instgrm-permalink=\"https:\/\/www.instagram.com\/reel\/DA3qTe7P8oY\/?utm_source=ig_embed&amp;utm_campaign=loading\" data-instgrm-version=\"14\" style=\" background:#FFF; border:0; border-radius:3px; box-shadow:0 0 1px 0 rgba(0,0,0,0.5),0 1px 10px 0 rgba(0,0,0,0.15); margin: 1px; max-width:540px; min-width:326px; padding:0; width:99.375%; width:-webkit-calc(100% - 2px); width:calc(100% - 2px);\"\/>\n<p>TikTok, Instagram, bouche-\u00e0-oreille et couverture virale : McFadden coche toutes les cases du ph\u00e9nom\u00e8ne litt\u00e9raire moderne. Ses romans sont courts, rythm\u00e9s, regorgent de rebondissements et se concluent toujours sur un twist. Le genre, en perte de vitesse ces derni\u00e8res ann\u00e9es, trouve chez elle une seconde jeunesse. Le hashtag #thehousemaid cumule ainsi des millions de vues et ses livres s\u2019imposent parmi les premi\u00e8res places du top 10 fran\u00e7ais depuis l\u2019automne 2023.<\/p>\n<p>La femme derri\u00e8re le ph\u00e9nom\u00e8ne<\/p>\n<p>\u00c2g\u00e9e de 44 ans, Freida McFadden cultive le myst\u00e8re. Rare en interview, elle refuse les tourn\u00e9es promotionnelles. \u00c0 travers ses h\u00e9ro\u00efnes, elle parle de lib\u00e9ration, de sororit\u00e9 et de renversement des rapports de pouvoir. \u00ab\u00a0Ces livres collent avec l\u2019air du temps, ils sont presque f\u00e9ministes\u00a0\u00bb, soutient son \u00e9diteur fran\u00e7ais Fr\u00e9d\u00e9ric Thibaud \u00e0 <a href=\"https:\/\/www.radiofrance.fr\/franceinter\/podcasts\/les-interviews-d-inter\/La-femme-de-menage-de-Freida-McFadden\" target=\"_blank\" rel=\"noreferrer noopener nofollow\">France Inter<\/a>, s\u00e9duit par cette narration fragment\u00e9e et ce regard clinique sur les relations humaines.<\/p>\n<p>        <script async src=\"\/\/www.instagram.com\/embed.js\"><\/script><\/p>\n","protected":false},"excerpt":{"rendered":"Apr\u00e8s le succ\u00e8s plan\u00e9taire de La femme de m\u00e9nage, l\u2019autrice am\u00e9ricaine Freida McFadden signe son grand retour avec&hellip;\n","protected":false},"author":2,"featured_media":24308,"comment_status":"","ping_status":"","sticky":false,"template":"","format":"standard","meta":{"footnotes":""},"categories":[1357],"tags":[8751,1379,58,59,1011,27,1351,1380,2004,8752],"class_list":{"0":"post-24307","1":"post","2":"type-post","3":"status-publish","4":"format-standard","5":"has-post-thumbnail","7":"category-livres","8":"tag-best-seller","9":"tag-books","10":"tag-divertissement","11":"tag-entertainment","12":"tag-fr","13":"tag-france","14":"tag-litterature","15":"tag-livres","16":"tag-roman","17":"tag-thriller-psychologique"},"share_on_mastodon":{"url":"https:\/\/pubeurope.com\/@fr\/114336497992421186","error":""},"_links":{"self":[{"href":"https:\/\/www.europesays.com\/fr\/wp-json\/wp\/v2\/posts\/24307","targetHints":{"allow":["GET"]}}],"collection":[{"href":"https:\/\/www.europesays.com\/fr\/wp-json\/wp\/v2\/posts"}],"about":[{"href":"https:\/\/www.europesays.com\/fr\/wp-json\/wp\/v2\/types\/post"}],"author":[{"embeddable":true,"href":"https:\/\/www.europesays.com\/fr\/wp-json\/wp\/v2\/users\/2"}],"replies":[{"embeddable":true,"href":"https:\/\/www.europesays.com\/fr\/wp-json\/wp\/v2\/comments?post=24307"}],"version-history":[{"count":0,"href":"https:\/\/www.europesays.com\/fr\/wp-json\/wp\/v2\/posts\/24307\/revisions"}],"wp:featuredmedia":[{"embeddable":true,"href":"https:\/\/www.europesays.com\/fr\/wp-json\/wp\/v2\/media\/24308"}],"wp:attachment":[{"href":"https:\/\/www.europesays.com\/fr\/wp-json\/wp\/v2\/media?parent=24307"}],"wp:term":[{"taxonomy":"category","embeddable":true,"href":"https:\/\/www.europesays.com\/fr\/wp-json\/wp\/v2\/categories?post=24307"},{"taxonomy":"post_tag","embeddable":true,"href":"https:\/\/www.europesays.com\/fr\/wp-json\/wp\/v2\/tags?post=24307"}],"curies":[{"name":"wp","href":"https:\/\/api.w.org\/{rel}","templated":true}]}}