{"id":243074,"date":"2025-07-11T18:21:10","date_gmt":"2025-07-11T18:21:10","guid":{"rendered":"https:\/\/www.europesays.com\/fr\/243074\/"},"modified":"2025-07-11T18:21:10","modified_gmt":"2025-07-11T18:21:10","slug":"les-taiwanais-se-preparent-a-une-invasion-chinoise-dici-2027","status":"publish","type":"post","link":"https:\/\/www.europesays.com\/fr\/243074\/","title":{"rendered":"les Ta\u00efwanais se pr\u00e9parent \u00e0 une invasion chinoise d\u2019ici 2027"},"content":{"rendered":"<p><strong>ANALYSE <\/strong>&#8211; Alors que l\u2019arm\u00e9e proc\u00e8de \u00e0 des man\u0153uvres in\u00e9dites, les civils veulent eux aussi \u00eatre pr\u00eats en cas de guerre.<\/p>\n<p class=\"fig-paragraph\">\u00ab\u00a0De l\u2019eau, de quoi manger, des bandes de gaze, des mouchoirs, un masque respiratoire, des gants\u2026\u00a0\u00bb Dans une vid\u00e9o YouTube intitul\u00e9e \u00ab\u00a0Op\u00e9ration 2027\u00a0\u00bb, la c\u00e9l\u00e8bre journaliste ta\u00efwanaise Fan Chi-fe \u00e9num\u00e8re les \u00e9l\u00e9ments inclus dans son kit de survie. \u00ab\u00a0Ce ruban adh\u00e9sif c\u2019est parce que dans The Last of Us, le personnage principal l\u2019utilise quand il se tord la cheville\u00a0!\u00a0\u00bb, dit-elle, en r\u00e9f\u00e9rence \u00e0 une s\u00e9rie am\u00e9ricaine imaginant un monde postapocalyptique. Ces derniers temps, les kits de survie connaissent un vif succ\u00e8s sur les r\u00e9seaux sociaux, aliment\u00e9s par les rumeurs d\u2019un possible \u00ab\u00a0m\u00e9ga-s\u00e9isme\u00a0\u00bb, mais aussi par la peur d\u2019une<a href=\"http:\/\/www.lefigaro.fr\/international\/la-chine-se-prepare-a-utiliser-la-force-en-asie-pacifique-20250531\" data-fig-type=\"NewsFlash\" data-gtm-custom-categorie=\"navigation\" data-gtm-custom-action=\"crossclick\" data-gtm-custom-label=\"Contextuel\" data-gtm-event=\"customEventSPE\" data-fig-domain=\"LEFIGARO\" target=\"_blank\" rel=\"noopener\">\u00a0invasion de la Chine<\/a>.<\/p>\n<p class=\"fig-paragraph\">Et de fait\u00a0: du 9 au 18\u00a0juillet, l\u2019<a href=\"http:\/\/www.lefigaro.fr\/flash-actu\/les-forces-armees-taiwanaises-se-livrent-a-des-exercices-cotiers-20230610\" data-fig-type=\"NewsFlash\" data-gtm-custom-categorie=\"navigation\" data-gtm-custom-action=\"crossclick\" data-gtm-custom-label=\"Contextuel\" data-gtm-event=\"customEventSPE\" data-fig-domain=\"LEFIGARO\" target=\"_blank\" rel=\"noopener\">arm\u00e9e ta\u00efwanaise<\/a>\u00a0s\u2019entra\u00eene pour la premi\u00e8re fois de son histoire \u00e0 repousser \u00ab\u00a0une attaque possible de la Chine en 2027\u00a0\u00bb. Le sc\u00e9nario envisag\u00e9 cette ann\u00e9e est digne d\u2019un film catastrophe\u00a0: l\u2019arm\u00e9e va s\u2019entra\u00eener \u00e0 r\u00e9pondre aux diff\u00e9rentes techniques de harc\u00e8lement de l\u2019arm\u00e9e\u2026<\/p>\n<p class=\"fig-premium-paywall__infos\">\n        Cet article est r\u00e9serv\u00e9 aux abonn\u00e9s.        Il vous reste 85% \u00e0 d\u00e9couvrir.\n    <\/p>\n<p>                <img  data- alt=\"Le Figaro\" class=\"fig-img--complete fig-img\"\/><\/p>\n<p class=\"fig-premium-paywall__title\">Vous avez envie de lire la suite ?<\/p>\n<p class=\"fig-premium-paywall__subtitle\">D\u00e9bloquez tous les articles imm\u00e9diatement.<\/p>\n<p class=\"fig-premium-paywall__connect\">\n                D\u00e9j\u00e0 abonn\u00e9\u00a0?                <a class=\"fig-premium-paywall__connect-link\" href=\"https:\/\/connect.lefigaro.fr\/login?client=horizon_web&amp;type=main&amp;redirect_uri=https%3A%2F%2Fwww.lefigaro.fr%2Finternational%2Fc-est-ce-que-l-on-appelle-assurer-la-paix-par-la-force-les-taiwanais-se-preparent-a-une-invasion-chinoise-d-ici-2027-20250711\" data-js-gtm=\"{&quot;customCategorie&quot;: &quot;conversion&quot;, &quot;customAction&quot;: &quot;before_Landing_Connexion_paywall_auto&quot;, &quot;customLabel&quot;: &quot;bGVmaWdhcm8uZnJfXzFmMDVlNTIyLWI4MTgtNjdkOC1iZDE5LTJiMzkwMmNjNzA4Zl9fQXJ0aWNsZQ==_\u00abC\u2019est ce que l\u2019on appelle assurer la paix par la force\u00bb\u00a0: les Ta\u00efwanais se pr\u00e9parent \u00e0 une invasion chinoise d\u2019ici 2027_320&quot;, &quot;customIDSPE&quot;: &quot;bGVmaWdhcm8uZnJfXzFmMDVlNTIyLWI4MTgtNjdkOC1iZDE5LTJiMzkwMmNjNzA4Zl9fQXJ0aWNsZQ==&quot;, &quot;event&quot;: &quot;customEventSPE&quot;}\" target=\"_blank\" rel=\"noopener\"><br \/>\n                    Connectez-vous<br \/>\n                <\/a>\n            <\/p>\n","protected":false},"excerpt":{"rendered":"ANALYSE &#8211; Alors que l\u2019arm\u00e9e proc\u00e8de \u00e0 des man\u0153uvres in\u00e9dites, les civils veulent eux aussi \u00eatre pr\u00eats en&hellip;\n","protected":false},"author":2,"featured_media":243075,"comment_status":"","ping_status":"","sticky":false,"template":"","format":"standard","meta":{"footnotes":""},"categories":[5],"tags":[11,309,1011,27,1146,14,12,22053,28],"class_list":{"0":"post-243074","1":"post","2":"type-post","3":"status-publish","4":"format-standard","5":"has-post-thumbnail","7":"category-international","8":"tag-actualites","9":"tag-chine","10":"tag-fr","11":"tag-france","12":"tag-guerre","13":"tag-international","14":"tag-news","15":"tag-taiwan","16":"tag-world"},"share_on_mastodon":{"url":"https:\/\/pubeurope.com\/@fr\/114835992482637093","error":""},"_links":{"self":[{"href":"https:\/\/www.europesays.com\/fr\/wp-json\/wp\/v2\/posts\/243074","targetHints":{"allow":["GET"]}}],"collection":[{"href":"https:\/\/www.europesays.com\/fr\/wp-json\/wp\/v2\/posts"}],"about":[{"href":"https:\/\/www.europesays.com\/fr\/wp-json\/wp\/v2\/types\/post"}],"author":[{"embeddable":true,"href":"https:\/\/www.europesays.com\/fr\/wp-json\/wp\/v2\/users\/2"}],"replies":[{"embeddable":true,"href":"https:\/\/www.europesays.com\/fr\/wp-json\/wp\/v2\/comments?post=243074"}],"version-history":[{"count":0,"href":"https:\/\/www.europesays.com\/fr\/wp-json\/wp\/v2\/posts\/243074\/revisions"}],"wp:featuredmedia":[{"embeddable":true,"href":"https:\/\/www.europesays.com\/fr\/wp-json\/wp\/v2\/media\/243075"}],"wp:attachment":[{"href":"https:\/\/www.europesays.com\/fr\/wp-json\/wp\/v2\/media?parent=243074"}],"wp:term":[{"taxonomy":"category","embeddable":true,"href":"https:\/\/www.europesays.com\/fr\/wp-json\/wp\/v2\/categories?post=243074"},{"taxonomy":"post_tag","embeddable":true,"href":"https:\/\/www.europesays.com\/fr\/wp-json\/wp\/v2\/tags?post=243074"}],"curies":[{"name":"wp","href":"https:\/\/api.w.org\/{rel}","templated":true}]}}