{"id":243076,"date":"2025-07-11T18:22:10","date_gmt":"2025-07-11T18:22:10","guid":{"rendered":"https:\/\/www.europesays.com\/fr\/243076\/"},"modified":"2025-07-11T18:22:10","modified_gmt":"2025-07-11T18:22:10","slug":"la-france-principal-adversaire-de-moscou-et-paranoia-chez-les-oligarques","status":"publish","type":"post","link":"https:\/\/www.europesays.com\/fr\/243076\/","title":{"rendered":"La France \u00ab\u00a0principal adversaire\u00a0\u00bb de Moscou et parano\u00efa chez les oligarques"},"content":{"rendered":"<p>Vous avez rat\u00e9 les derniers \u00e9v\u00e9nements sur la guerre en Ukraine\u00a0? 20 Minutes fait le point pour vous tous les soirs. Voici l\u2019essentiel de ce vendredi 11\u00a0juillet, 1.234e jour du conflit.<\/p>\n<p>Le fait du jour<\/p>\n<p>Le chef d\u2019\u00e9tat-major des arm\u00e9es prend rarement la parole. Il l\u2019a pourtant fait ce vendredi, pour dire sans ambages que la <a href=\"https:\/\/www.20minutes.fr\/monde\/russie\/\" class=\"color-ultramarine c-link\" target=\"_blank\" rel=\"noopener\">Russie<\/a> a identifi\u00e9 la France comme \u00e9tant \u00ab\u00a0son principal adversaire en Europe\u00a0\u00bb. \u00ab\u00a0C\u2019est <a href=\"https:\/\/www.20minutes.fr\/monde\/vladimir_poutine\/\" class=\"color-ultramarine c-link\" target=\"_blank\" rel=\"noopener\">Poutine<\/a> qui l\u2019a dit\u00a0\u00bb, a rappel\u00e9 le g\u00e9n\u00e9ral, Thierry Burkhard, pour qui Moscou constitue une \u00ab\u00a0menace durable\u00a0\u00bb pour la s\u00e9curit\u00e9 du continent. Le haut grad\u00e9 consid\u00e8re la Russie comme une \u00ab\u00a0puissance de nuisance\u00a0\u00bb, que ce soit avec les sabotages d\u2019infrastructures sous-marines, les campagnes de d\u00e9sinformation en France ou en Afrique, les actes d\u2019espionnage ou les actions inamicales de ses satellites dans l\u2019espace.<\/p>\n<p>\u00ab\u00a0Malgr\u00e9 les pertes incroyables qu\u2019elle subit\u00a0\u00bb en Ukraine, \u00ab\u00a0avant\u00a02030 [elle] constituera \u00e0 nouveau une force constituant une vraie menace \u00e0 nos fronti\u00e8res\u00a0\u00bb, a encore jug\u00e9 le chef d\u2019\u00e9tat-major. \u00ab\u00a0En Ukraine se joue d\u2019une part la s\u00e9curit\u00e9 de l\u2019Europe, mais [\u2026] aussi la place des pays europ\u00e9ens dans le monde de demain\u00a0\u00bb, estime le g\u00e9n\u00e9ral Burkhard.<\/p>\n<p>Il s\u2019exprimait \u00e0 deux jours d\u2019un discours aux arm\u00e9es du pr\u00e9sident fran\u00e7ais <a href=\"https:\/\/www.20minutes.fr\/politique\/emmanuel-macron\/\" class=\"color-ultramarine c-link\" target=\"_blank\" rel=\"noopener\">Emmanuel Macron<\/a> dans lequel il \u00ab\u00a0va tirer les conclusions en mati\u00e8re d&rsquo;efforts de d\u00e9fense\u00a0\u00bb, selon l\u2019Elys\u00e9e, qui promet des \u00ab\u00a0annonces majeures\u00a0\u00bb.<\/p>\n<\/p>\n<p>La d\u00e9claration du jour<\/p>\n<blockquote class=\"mx-m@xs mx-xxl@md color-ultramarine c-citation\">\n<p class=\"font-weight-regular@xs text-italic font-source-serif-pro text-l@xs c-citation__content\">\u00ab\u00a0La pr\u00e9sence d\u2019un contingent \u00e9tranger pr\u00e8s de nos fronti\u00e8res est inacceptable\u00a0\u00bb<\/p>\n<\/blockquote>\n<p>C\u2019est un euph\u00e9misme de dire que le <a href=\"https:\/\/www.20minutes.fr\/dossier\/kremlin\" class=\"color-ultramarine c-link\" target=\"_blank\" rel=\"noopener\">Kremlin<\/a> n\u2019a pas appr\u00e9ci\u00e9 l\u2019annonce conjointe faite jeudi par Emmanuel Macron et le Premier ministre britannique <a href=\"https:\/\/www.20minutes.fr\/monde\/keir-starmer\/\" class=\"color-ultramarine c-link\" target=\"_blank\" rel=\"noopener\">Keir Starmer<\/a> \u00e0 propos du corps exp\u00e9ditionnaire franco-britannique, port\u00e9 potentiellement \u00e0 50.000 soldats et dont les plans \u00ab\u00a0sont pr\u00eats\u00a0\u00bb pour qu\u2019ils participent en Ukraine \u00e0 la surveillance du respect d\u2019un \u00e9ventuel cessez-le-feu. Dmitri Peskov, le porte-parole de Vladimir Poutine d\u00e9nonce s\u00e8chement \u00ab\u00a0militarisme antirusse\u00a0\u00bb des dirigeants europ\u00e9ens.<\/p>\n<p>Le chiffre du jour<\/p>\n<p>3. Le nombre de morts dans une attaque nocturne de drones ukrainiens men\u00e9e en Russie. Cette salve ukrainienne intervient apr\u00e8s une s\u00e9rie de frappes massives de drones russes sur le pays, notamment sur Kiev, et alors que Moscou bat chaque semaine des records en nombre d\u2019engins tir\u00e9s.<\/p>\n<p>Au total, 155 drones ukrainiens ont \u00e9t\u00e9 abattus, selon le minist\u00e8re russe de la D\u00e9fense. L\u2019arm\u00e9e ukrainienne a assur\u00e9 que ces attaques de drones visaient une usine a\u00e9ronautique pr\u00e8s de Moscou et une usine de fabrication de missiles. Une source au sein des services de s\u00e9curit\u00e9 a \u00e9galement revendiqu\u00e9 une explosion d\u2019un gazoduc.<\/p>\n<p><a href=\"http:\/\/www.20minutes.fr\/monde\/ukraine\" class=\"c-link c-btn c-btn--primary\" target=\"_blank\" rel=\"noopener\">Notre dossier sur laguerre en Ukraine<\/a><\/p>\n<p>C\u00f4t\u00e9 ukrainien, des frappes russes \u00e0 Kharkiv (nord-est), la deuxi\u00e8me ville du pays, ont touch\u00e9 une maternit\u00e9 selon <a href=\"https:\/\/www.20minutes.fr\/monde\/volodymyr-zelensky\/\" class=\"color-ultramarine c-link\" target=\"_blank\" rel=\"noopener\">Volodymyr Zelensky<\/a>. D\u2019apr\u00e8s le pr\u00e9sident ukrainien, neuf personnes ont \u00e9t\u00e9 bless\u00e9es, dont des \u00ab\u00a0m\u00e8res avec des nouveau-n\u00e9s et des femmes qui se remettaient d\u2019une op\u00e9ration\u00a0\u00bb. Aucun enfant ne figure heureusement parmi les victimes.<\/p>\n<p>La tendance<\/p>\n<p>Le suicide probable du ministre russe des Transports, Roman Starovo\u00eft, annonc\u00e9 peu apr\u00e8s son limogeage lundi par Vladimir Poutine sur fond d\u2019all\u00e9gations de corruption, a profond\u00e9ment choqu\u00e9 l\u2019\u00e9lite politique, o\u00f9 chacun redoute de faire les frais de la chasse aux profiteurs. Ses fun\u00e9railles ont eu lieu ce vendredi dans un cimeti\u00e8re de Saint-P\u00e9tersbourg en pr\u00e9sence de sa famille et de coll\u00e8gues, mais en l\u2019absence du ma\u00eetre du Kremlin qui n\u2019a pas non plus particip\u00e9 \u00e0 la c\u00e9r\u00e9monie d\u2019adieu jeudi.<\/p>\n<p>Si les circonstances de la mort de Roman Starovo\u00eft, \u00e2g\u00e9 de 53 ans, restent floues, les m\u00e9dias russes ont \u00e9voqu\u00e9 une enqu\u00eate pour corruption le visant, assurant qu\u2019il devait \u00eatre arr\u00eat\u00e9 prochainement. Alors que la corruption ne semblait pas tracasser le pouvoir russe auparavant, la donne et la doctrine semblent avoir chang\u00e9 depuis l\u2019offensive en Ukraine. Roman Starovo\u00eft \u00e9tait l\u2019ancien gouverneur de la r\u00e9gion russe de Koursk, prise par surprise par les Ukrainiens au cours de l\u2019\u00e9t\u00e9\u00a02024. Son successeur \u00e0 ce poste a lui aussi \u00e9t\u00e9 r\u00e9cemment arr\u00eat\u00e9 pour corruption, soup\u00e7onn\u00e9 d\u2019avoir d\u00e9tourn\u00e9 de l\u2019argent destin\u00e9 \u00e0 des fortifications.<\/p>\n","protected":false},"excerpt":{"rendered":"Vous avez rat\u00e9 les derniers \u00e9v\u00e9nements sur la guerre en Ukraine\u00a0? 20 Minutes fait le point pour vous&hellip;\n","protected":false},"author":2,"featured_media":243077,"comment_status":"","ping_status":"","sticky":false,"template":"","format":"standard","meta":{"footnotes":""},"categories":[4],"tags":[47,11,1813,75,73,1011,27,131,74,12,25,132,135,134],"class_list":{"0":"post-243076","1":"post","2":"type-post","3":"status-publish","4":"format-standard","5":"has-post-thumbnail","7":"category-france","8":"tag-actualite","9":"tag-actualites","10":"tag-armee","11":"tag-donald-trump","12":"tag-etats-unis","13":"tag-fr","14":"tag-france","15":"tag-guerre-en-ukraine","16":"tag-monde","17":"tag-news","18":"tag-republique-francaise","19":"tag-russie","20":"tag-vladimir-poutine","21":"tag-volodymyr-zelensky"},"share_on_mastodon":{"url":"https:\/\/pubeurope.com\/@fr\/114835996228721452","error":""},"_links":{"self":[{"href":"https:\/\/www.europesays.com\/fr\/wp-json\/wp\/v2\/posts\/243076","targetHints":{"allow":["GET"]}}],"collection":[{"href":"https:\/\/www.europesays.com\/fr\/wp-json\/wp\/v2\/posts"}],"about":[{"href":"https:\/\/www.europesays.com\/fr\/wp-json\/wp\/v2\/types\/post"}],"author":[{"embeddable":true,"href":"https:\/\/www.europesays.com\/fr\/wp-json\/wp\/v2\/users\/2"}],"replies":[{"embeddable":true,"href":"https:\/\/www.europesays.com\/fr\/wp-json\/wp\/v2\/comments?post=243076"}],"version-history":[{"count":0,"href":"https:\/\/www.europesays.com\/fr\/wp-json\/wp\/v2\/posts\/243076\/revisions"}],"wp:featuredmedia":[{"embeddable":true,"href":"https:\/\/www.europesays.com\/fr\/wp-json\/wp\/v2\/media\/243077"}],"wp:attachment":[{"href":"https:\/\/www.europesays.com\/fr\/wp-json\/wp\/v2\/media?parent=243076"}],"wp:term":[{"taxonomy":"category","embeddable":true,"href":"https:\/\/www.europesays.com\/fr\/wp-json\/wp\/v2\/categories?post=243076"},{"taxonomy":"post_tag","embeddable":true,"href":"https:\/\/www.europesays.com\/fr\/wp-json\/wp\/v2\/tags?post=243076"}],"curies":[{"name":"wp","href":"https:\/\/api.w.org\/{rel}","templated":true}]}}