{"id":243080,"date":"2025-07-11T18:24:11","date_gmt":"2025-07-11T18:24:11","guid":{"rendered":"https:\/\/www.europesays.com\/fr\/243080\/"},"modified":"2025-07-11T18:24:11","modified_gmt":"2025-07-11T18:24:11","slug":"la-ricamarie-avec-le-pole-enfance-la-commune-se-dote-dun-outil-de-loisirs-educatif","status":"publish","type":"post","link":"https:\/\/www.europesays.com\/fr\/243080\/","title":{"rendered":"La Ricamarie. Avec le P\u00f4le Enfance, la commune se dote d\u2019un outil de loisirs \u00e9ducatif"},"content":{"rendered":"<p>Un an presque jour pour jour. C\u2019est le temps qu\u2019il aura fallu pour sa construction. \u00ab\u00a0Planning respect\u00e9\u00a0\u00bb pour J\u00e9r\u00f4me Dentressangle, l\u2019architecte st\u00e9phanois du cabinet AAGROUP en charge de la ma\u00eetrise d\u2019\u0153uvre en collaboration avec les services techniques municipaux.<\/p>\n<p>\u00ab\u00a0Un beau projet qui s\u2019int\u00e8gre parfaitement dans l\u2019environnement du quartier et l\u2019am\u00e9liore\u00a0\u00bb, s\u2019est f\u00e9licit\u00e9 le maire. Le P\u00f4le Enfance Le Petit Prince et l\u2019Escale, dans son appellation compl\u00e8te, se d\u00e9ploie d\u00e9sormais rue Claude-Touche, dans le quartier du Montcel, sur un terrain r\u00e9troc\u00e9d\u00e9 gratuitement \u00e0 la commune par le bailleur Deux Fleuves Loire Habitat.<\/p>\n<p>\u00ab\u00a0Un outil d\u00e9di\u00e9 \u00e0 l\u2019enfance\u00a0\u00bb<\/p>\n<p>Il accueille, depuis ce d\u00e9but de semaine, les enfants de 3 \u00e0 12 ans pour les vacances. \u00ab\u00a0Un magnifique outil d\u00e9di\u00e9 \u00e0 l\u2019enfance de La Ricamarie\u00a0\u00bb, s\u2019est enthousiasm\u00e9 Cyrille Bonnefoy, jeudi soir lors de&#8230;<\/p>\n","protected":false},"excerpt":{"rendered":"Un an presque jour pour jour. C\u2019est le temps qu\u2019il aura fallu pour sa construction. \u00ab\u00a0Planning respect\u00e9\u00a0\u00bb pour&hellip;\n","protected":false},"author":2,"featured_media":243081,"comment_status":"","ping_status":"","sticky":false,"template":"","format":"standard","meta":{"footnotes":""},"categories":[9653],"tags":[1111,11,2430,7539,1057,1777,674,1011,27,11324,11325,12,25,4001],"class_list":{"0":"post-243080","1":"post","2":"type-post","3":"status-publish","4":"format-standard","5":"has-post-thumbnail","7":"category-saint-etienne","8":"tag-actu","9":"tag-actualites","10":"tag-auvergne-rhone-alpes","11":"tag-edition-loire-sud","12":"tag-education","13":"tag-eu","14":"tag-europe","15":"tag-fr","16":"tag-france","17":"tag-la-ricamarie","18":"tag-la-ricamarie-ville","19":"tag-news","20":"tag-republique-francaise","21":"tag-saint-etienne"},"share_on_mastodon":{"url":"https:\/\/pubeurope.com\/@fr\/114836004133707413","error":""},"_links":{"self":[{"href":"https:\/\/www.europesays.com\/fr\/wp-json\/wp\/v2\/posts\/243080","targetHints":{"allow":["GET"]}}],"collection":[{"href":"https:\/\/www.europesays.com\/fr\/wp-json\/wp\/v2\/posts"}],"about":[{"href":"https:\/\/www.europesays.com\/fr\/wp-json\/wp\/v2\/types\/post"}],"author":[{"embeddable":true,"href":"https:\/\/www.europesays.com\/fr\/wp-json\/wp\/v2\/users\/2"}],"replies":[{"embeddable":true,"href":"https:\/\/www.europesays.com\/fr\/wp-json\/wp\/v2\/comments?post=243080"}],"version-history":[{"count":0,"href":"https:\/\/www.europesays.com\/fr\/wp-json\/wp\/v2\/posts\/243080\/revisions"}],"wp:featuredmedia":[{"embeddable":true,"href":"https:\/\/www.europesays.com\/fr\/wp-json\/wp\/v2\/media\/243081"}],"wp:attachment":[{"href":"https:\/\/www.europesays.com\/fr\/wp-json\/wp\/v2\/media?parent=243080"}],"wp:term":[{"taxonomy":"category","embeddable":true,"href":"https:\/\/www.europesays.com\/fr\/wp-json\/wp\/v2\/categories?post=243080"},{"taxonomy":"post_tag","embeddable":true,"href":"https:\/\/www.europesays.com\/fr\/wp-json\/wp\/v2\/tags?post=243080"}],"curies":[{"name":"wp","href":"https:\/\/api.w.org\/{rel}","templated":true}]}}