{"id":243084,"date":"2025-07-11T18:26:12","date_gmt":"2025-07-11T18:26:12","guid":{"rendered":"https:\/\/www.europesays.com\/fr\/243084\/"},"modified":"2025-07-11T18:26:12","modified_gmt":"2025-07-11T18:26:12","slug":"nancy-une-fete-avant-la-pause-estivale-a-la-residence-des-cygnes","status":"publish","type":"post","link":"https:\/\/www.europesays.com\/fr\/243084\/","title":{"rendered":"Nancy. Une f\u00eate avant la pause estivale \u00e0 la R\u00e9sidence des Cygnes"},"content":{"rendered":"<p>Ambiance cabaret et magie pour le barbecue annuel de l\u2019Ehpad des Cygnes. Cet \u00e9v\u00e9nement festif a rassembl\u00e9 r\u00e9sidents, familles, b\u00e9n\u00e9voles, personnel soignant et quelques invit\u00e9s.<\/p>\n<p>Tours de magie, duo de danseurs ont r\u00e9gal\u00e9 les convives. Sympa, la costumath\u00e8que de Liverdun avait pr\u00eat\u00e9 des tenues d\u2019\u00e9poque aux r\u00e9sidents et au personnel.<\/p>\n<p>L\u2019apr\u00e8s-midi a \u00e9t\u00e9 musical, ce qui a permis de chanter et m\u00eame danser pour certains.<\/p>\n","protected":false},"excerpt":{"rendered":"Ambiance cabaret et magie pour le barbecue annuel de l\u2019Ehpad des Cygnes. Cet \u00e9v\u00e9nement festif a rassembl\u00e9 r\u00e9sidents,&hellip;\n","protected":false},"author":2,"featured_media":243085,"comment_status":"","ping_status":"","sticky":false,"template":"","format":"standard","meta":{"footnotes":""},"categories":[9635],"tags":[1111,11,1687,1704,1777,674,3326,1011,27,775,1702,1703,12,25],"class_list":{"0":"post-243084","1":"post","2":"type-post","3":"status-publish","4":"format-standard","5":"has-post-thumbnail","7":"category-nancy","8":"tag-actu","9":"tag-actualites","10":"tag-culture-loisirs","11":"tag-edition-nancy-et-agglomeration","12":"tag-eu","13":"tag-europe","14":"tag-fete-locale","15":"tag-fr","16":"tag-france","17":"tag-grand-est","18":"tag-nancy","19":"tag-nancy-ville-54b","20":"tag-news","21":"tag-republique-francaise"},"share_on_mastodon":{"url":"https:\/\/pubeurope.com\/@fr\/114836011952326177","error":""},"_links":{"self":[{"href":"https:\/\/www.europesays.com\/fr\/wp-json\/wp\/v2\/posts\/243084","targetHints":{"allow":["GET"]}}],"collection":[{"href":"https:\/\/www.europesays.com\/fr\/wp-json\/wp\/v2\/posts"}],"about":[{"href":"https:\/\/www.europesays.com\/fr\/wp-json\/wp\/v2\/types\/post"}],"author":[{"embeddable":true,"href":"https:\/\/www.europesays.com\/fr\/wp-json\/wp\/v2\/users\/2"}],"replies":[{"embeddable":true,"href":"https:\/\/www.europesays.com\/fr\/wp-json\/wp\/v2\/comments?post=243084"}],"version-history":[{"count":0,"href":"https:\/\/www.europesays.com\/fr\/wp-json\/wp\/v2\/posts\/243084\/revisions"}],"wp:featuredmedia":[{"embeddable":true,"href":"https:\/\/www.europesays.com\/fr\/wp-json\/wp\/v2\/media\/243085"}],"wp:attachment":[{"href":"https:\/\/www.europesays.com\/fr\/wp-json\/wp\/v2\/media?parent=243084"}],"wp:term":[{"taxonomy":"category","embeddable":true,"href":"https:\/\/www.europesays.com\/fr\/wp-json\/wp\/v2\/categories?post=243084"},{"taxonomy":"post_tag","embeddable":true,"href":"https:\/\/www.europesays.com\/fr\/wp-json\/wp\/v2\/tags?post=243084"}],"curies":[{"name":"wp","href":"https:\/\/api.w.org\/{rel}","templated":true}]}}