{"id":243086,"date":"2025-07-11T18:28:00","date_gmt":"2025-07-11T18:28:00","guid":{"rendered":"https:\/\/www.europesays.com\/fr\/243086\/"},"modified":"2025-07-11T18:28:00","modified_gmt":"2025-07-11T18:28:00","slug":"nancy-derniere-brocante-en-faveur-de-lapf-france-handicap","status":"publish","type":"post","link":"https:\/\/www.europesays.com\/fr\/243086\/","title":{"rendered":"Nancy. Derni\u00e8re brocante en faveur de l\u2019APF- France handicap"},"content":{"rendered":"<p>Samedi1 23\u00a0juillet, de 9\u00a0h \u00e0 16\u00a0h, sans interruption, au 123 rue Mac Mahon, APF &#8211; France handicap, (association reconnue d\u2019utilit\u00e9 publique, de d\u00e9fense et de repr\u00e9sentation des personnes en situation de handicap) expose les \u00e9ventaires de sa derni\u00e8re brocante de la saison. V\u00eatements, linge de maison, meubles, tableaux africains, bijoux\u2026 seront en vente. De quoi se faire plaisir pour la bonne cause\u2026 La recette de la brocante est enti\u00e8rement consacr\u00e9e au financement des activit\u00e9s sp\u00e9cifiques r\u00e9serv\u00e9es aux personnes en situation de handicap. Contact\u00a0: t\u00e9l.03\u00a083\u00a032\u00a035\u00a020.<\/p>\n","protected":false},"excerpt":{"rendered":"Samedi1 23\u00a0juillet, de 9\u00a0h \u00e0 16\u00a0h, sans interruption, au 123 rue Mac Mahon, APF &#8211; France handicap, (association&hellip;\n","protected":false},"author":2,"featured_media":243087,"comment_status":"","ping_status":"","sticky":false,"template":"","format":"standard","meta":{"footnotes":""},"categories":[9635],"tags":[1111,11,1704,1777,674,1011,27,775,1702,1703,12,25,801],"class_list":{"0":"post-243086","1":"post","2":"type-post","3":"status-publish","4":"format-standard","5":"has-post-thumbnail","7":"category-nancy","8":"tag-actu","9":"tag-actualites","10":"tag-edition-nancy-et-agglomeration","11":"tag-eu","12":"tag-europe","13":"tag-fr","14":"tag-france","15":"tag-grand-est","16":"tag-nancy","17":"tag-nancy-ville-54b","18":"tag-news","19":"tag-republique-francaise","20":"tag-social"},"share_on_mastodon":{"url":"https:\/\/pubeurope.com\/@fr\/114836019778631434","error":""},"_links":{"self":[{"href":"https:\/\/www.europesays.com\/fr\/wp-json\/wp\/v2\/posts\/243086","targetHints":{"allow":["GET"]}}],"collection":[{"href":"https:\/\/www.europesays.com\/fr\/wp-json\/wp\/v2\/posts"}],"about":[{"href":"https:\/\/www.europesays.com\/fr\/wp-json\/wp\/v2\/types\/post"}],"author":[{"embeddable":true,"href":"https:\/\/www.europesays.com\/fr\/wp-json\/wp\/v2\/users\/2"}],"replies":[{"embeddable":true,"href":"https:\/\/www.europesays.com\/fr\/wp-json\/wp\/v2\/comments?post=243086"}],"version-history":[{"count":0,"href":"https:\/\/www.europesays.com\/fr\/wp-json\/wp\/v2\/posts\/243086\/revisions"}],"wp:featuredmedia":[{"embeddable":true,"href":"https:\/\/www.europesays.com\/fr\/wp-json\/wp\/v2\/media\/243087"}],"wp:attachment":[{"href":"https:\/\/www.europesays.com\/fr\/wp-json\/wp\/v2\/media?parent=243086"}],"wp:term":[{"taxonomy":"category","embeddable":true,"href":"https:\/\/www.europesays.com\/fr\/wp-json\/wp\/v2\/categories?post=243086"},{"taxonomy":"post_tag","embeddable":true,"href":"https:\/\/www.europesays.com\/fr\/wp-json\/wp\/v2\/tags?post=243086"}],"curies":[{"name":"wp","href":"https:\/\/api.w.org\/{rel}","templated":true}]}}