{"id":243088,"date":"2025-07-11T18:29:13","date_gmt":"2025-07-11T18:29:13","guid":{"rendered":"https:\/\/www.europesays.com\/fr\/243088\/"},"modified":"2025-07-11T18:29:13","modified_gmt":"2025-07-11T18:29:13","slug":"pour-ses-40-ans-la-plus-ancienne-creche-de-la-crau-sest-refait-une-beaute","status":"publish","type":"post","link":"https:\/\/www.europesays.com\/fr\/243088\/","title":{"rendered":"Pour ses 40 ans, la plus ancienne cr\u00e8che de La Crau s&rsquo;est refait une beaut\u00e9"},"content":{"rendered":"<p>C\u2019est une v\u00e9ritable renaissance pour la plus ancienne cr\u00e8che de La Crau. <strong>L\u2019association L\u2019\u00eele aux enfants<\/strong> <strong>a c\u00e9l\u00e9br\u00e9 ses quarante ans<\/strong> en inaugurant ses locaux enti\u00e8rement r\u00e9nov\u00e9s. Des travaux plus que n\u00e9cessaires car, sans eux, la cr\u00e8che, plus aux normes, \u00e9tait sous la menace d\u2019une fermeture. Un \u00e9v\u00e9nement f\u00eat\u00e9 en pr\u00e9sence de Christian Simon, le maire de La Crau, et de Sabine Lantrua, l\u2019embl\u00e9matique directrice, qui confie avec \u00e9motion: \u00ab\u00a0On revit!\u00a0\u00bb<\/p>\n<p>Christian Simon a rappel\u00e9 avec plaisir que L\u2019\u00eele aux enfants fut \u00ab\u00a0la premi\u00e8re cr\u00e8che \u00e0 se monter sur la commune\u00a0\u00bb, soulignant que la mise \u00e0 disposition du terrain par la mairie \u00e0 l\u2019association, cr\u00e9\u00e9e en 1985, fut \u00ab une tr\u00e8s bonne op\u00e9ration \u00bb pour la ville et les familles qui se sont succ\u00e9d\u00e9 \u00e0 la t\u00eate de la structure.<\/p>\n<p>Cette nouvelle jeunesse est le fruit d\u2019un chantier men\u00e9 en deux temps. Apr\u00e8s une r\u00e9novation int\u00e9rieure cruciale achev\u00e9e \u00e0 l\u2019automne apr\u00e8s trois mois de fermeture, les travaux se sont poursuivis de janvier \u00e0 mars pour r\u00e9am\u00e9nager l\u2019ext\u00e9rieur, avec un nouveau jardin et une pergola. Une modernisation vitale pour la structure qui, depuis son ouverture en 1987 avec 16 places, a su grandir pour en accueillir 24 aujourd\u2019hui. \u00ab\u00a0Maintenant, tout est fonctionnel, tout est au top!\u00a0\u00bb, se r\u00e9jouit la directrice.<\/p>\n<p>Port\u00e9e par une \u00e9quipe d\u00e9vou\u00e9e et le soutien de partenaires comme la Caisse d\u2019allocations familiales, la protection maternelle et infantile et la municipalit\u00e9, la structure regarde d\u00e9sormais vers l\u2019avenir. Prochaine \u00e9tape : la cr\u00e9ation d\u2019un potager pour le plus grand bonheur des tout-petits.<\/p>\n<p>Sabine Lantrua: \u00ab\u00a0une \u00e2me, une identit\u00e9\u00a0\u00bb<\/p>\n<p>Son histoire personnelle et celle de la cr\u00e8che sont indissociables. Arriv\u00e9e en 1987, juste apr\u00e8s l\u2019ouverture, Sabine Lantrua a grandi et \u00e9volu\u00e9 professionnellement au sein m\u00eame de ces murs, en m\u00eame temps que la structure se d\u00e9veloppait. \u00ab\u00a0J\u2019ai connu la cr\u00e8che \u00e0 ses d\u00e9buts et j\u2019ai eu la chance de pouvoir y faire tout mon parcours jusqu\u2019au poste de directrice. Cette continuit\u00e9 sur plus de trois d\u00e9cennies a permis de construire une v\u00e9ritable identit\u00e9, de donner une \u00e2me \u00e0 ce lieu. Voir aujourd\u2019hui la cr\u00e8che enti\u00e8rement r\u00e9nov\u00e9e, c\u2019est un immense bonheur, l\u2019aboutissement d\u2019un long chemin. On a travers\u00e9 des moments difficiles, des moments de doute, mais le r\u00e9sultat est l\u00e0. C\u2019est simple: on revit!\u00a0\u00bb<\/p>\n","protected":false},"excerpt":{"rendered":"C\u2019est une v\u00e9ritable renaissance pour la plus ancienne cr\u00e8che de La Crau. L\u2019association L\u2019\u00eele aux enfants a c\u00e9l\u00e9br\u00e9&hellip;\n","protected":false},"author":2,"featured_media":243089,"comment_status":"","ping_status":"","sticky":false,"template":"","format":"standard","meta":{"footnotes":""},"categories":[9619],"tags":[1111,11,1777,674,1011,27,12,882,25,2310,3366],"class_list":{"0":"post-243088","1":"post","2":"type-post","3":"status-publish","4":"format-standard","5":"has-post-thumbnail","7":"category-toulon","8":"tag-actu","9":"tag-actualites","10":"tag-eu","11":"tag-europe","12":"tag-fr","13":"tag-france","14":"tag-news","15":"tag-provence-alpes-cote-dazur","16":"tag-republique-francaise","17":"tag-toulon","18":"tag-vie-locale"},"share_on_mastodon":{"url":"https:\/\/pubeurope.com\/@fr\/114836023680631346","error":""},"_links":{"self":[{"href":"https:\/\/www.europesays.com\/fr\/wp-json\/wp\/v2\/posts\/243088","targetHints":{"allow":["GET"]}}],"collection":[{"href":"https:\/\/www.europesays.com\/fr\/wp-json\/wp\/v2\/posts"}],"about":[{"href":"https:\/\/www.europesays.com\/fr\/wp-json\/wp\/v2\/types\/post"}],"author":[{"embeddable":true,"href":"https:\/\/www.europesays.com\/fr\/wp-json\/wp\/v2\/users\/2"}],"replies":[{"embeddable":true,"href":"https:\/\/www.europesays.com\/fr\/wp-json\/wp\/v2\/comments?post=243088"}],"version-history":[{"count":0,"href":"https:\/\/www.europesays.com\/fr\/wp-json\/wp\/v2\/posts\/243088\/revisions"}],"wp:featuredmedia":[{"embeddable":true,"href":"https:\/\/www.europesays.com\/fr\/wp-json\/wp\/v2\/media\/243089"}],"wp:attachment":[{"href":"https:\/\/www.europesays.com\/fr\/wp-json\/wp\/v2\/media?parent=243088"}],"wp:term":[{"taxonomy":"category","embeddable":true,"href":"https:\/\/www.europesays.com\/fr\/wp-json\/wp\/v2\/categories?post=243088"},{"taxonomy":"post_tag","embeddable":true,"href":"https:\/\/www.europesays.com\/fr\/wp-json\/wp\/v2\/tags?post=243088"}],"curies":[{"name":"wp","href":"https:\/\/api.w.org\/{rel}","templated":true}]}}