{"id":243098,"date":"2025-07-11T18:36:22","date_gmt":"2025-07-11T18:36:22","guid":{"rendered":"https:\/\/www.europesays.com\/fr\/243098\/"},"modified":"2025-07-11T18:36:22","modified_gmt":"2025-07-11T18:36:22","slug":"le-gf38-restera-bien-au-stade-des-alpes-un-accord-trouve-avec-grenoble-alpes-metropole","status":"publish","type":"post","link":"https:\/\/www.europesays.com\/fr\/243098\/","title":{"rendered":"Le GF38 restera bien au Stade des Alpes, un accord trouv\u00e9 avec Grenoble Alpes M\u00e9tropole"},"content":{"rendered":"<p style=\"text-align: justify;\">Alli\u00e9 aux rugbymen du FC Grenoble et confront\u00e9 aux pouvoirs publics repr\u00e9sent\u00e9s par Grenoble Alpes M\u00e9tropole avait entam\u00e9 un bras de fer il y a quelques semaines avec l\u2019intention de faire baisser le loyer du Stade des Alpes. Apr\u00e8s d\u2019\u00e2pres n\u00e9gociations, les parties ont fini par s\u2019accorder d\u2019apr\u00e8s <a href=\"https:\/\/www.francebleu.fr\/infos\/societe\/un-compromis-trouve-le-fcg-et-le-gf-38-joueront-bien-au-stade-des-alpes-la-saison-prochaine-5675089\" target=\"_blank\" rel=\"noopener\">Ici Is\u00e8re<\/a><\/p>\n<p style=\"text-align: justify;\">\u00c0 lire aussi &gt;&gt;\u00a0<a href=\"https:\/\/maligue2.fr\/2025\/06\/24\/grenoble-max-marty-sil-faut-jouer-ailleurs-on-est-pret-a-le-faire\/\" target=\"_blank\" rel=\"noopener\">Grenoble \u2013 Max Marty : \u00ab S\u2019il faut jouer ailleurs, on est pr\u00eat \u00e0 le faire \u00bb<\/a><\/p>\n<p style=\"text-align: justify;\">Les deux clubs ont accept\u00e9 de payer \u00e0 l\u2019avenir 30000 \u20ac par rencontre disput\u00e9e au Stade des Alpes. Le GF38 a sign\u00e9 un \u00ab forfait \u00bb de 17 matchs, avec la possibilit\u00e9 de jouer trois matchs suppl\u00e9mentaires en Coupe de France avec en parall\u00e8le 20 demi-journ\u00e9es d\u2019utilisation des salons et espaces de r\u00e9ception pour les activit\u00e9s du club. De son c\u00f4t\u00e9, la M\u00e9tropole a consenti\u00a0 \u00e0 un effort de 500 000\u20ac. Le nouveau loyer devra encore \u00eatre valid\u00e9 ce vendredi lors du conseil m\u00e9tropolitain.<\/p>\n<p style=\"text-align: justify;\">Photo \u00a9Loic Baratoux\/FEP\/Icon Sport<\/p>\n<p>\t\t&#13;<br \/>\n&#13;<\/p>\n","protected":false},"excerpt":{"rendered":"Alli\u00e9 aux rugbymen du FC Grenoble et confront\u00e9 aux pouvoirs publics repr\u00e9sent\u00e9s par Grenoble Alpes M\u00e9tropole avait entam\u00e9&hellip;\n","protected":false},"author":2,"featured_media":66937,"comment_status":"","ping_status":"","sticky":false,"template":"","format":"standard","meta":{"footnotes":""},"categories":[9566],"tags":[1962,1111,11,2430,1777,674,1011,27,2731,12,25],"class_list":{"0":"post-243098","1":"post","2":"type-post","3":"status-publish","4":"format-standard","5":"has-post-thumbnail","7":"category-grenoble","8":"tag-alaune5","9":"tag-actu","10":"tag-actualites","11":"tag-auvergne-rhone-alpes","12":"tag-eu","13":"tag-europe","14":"tag-fr","15":"tag-france","16":"tag-grenoble","17":"tag-news","18":"tag-republique-francaise"},"share_on_mastodon":{"url":"https:\/\/pubeurope.com\/@fr\/114836051251250173","error":""},"_links":{"self":[{"href":"https:\/\/www.europesays.com\/fr\/wp-json\/wp\/v2\/posts\/243098","targetHints":{"allow":["GET"]}}],"collection":[{"href":"https:\/\/www.europesays.com\/fr\/wp-json\/wp\/v2\/posts"}],"about":[{"href":"https:\/\/www.europesays.com\/fr\/wp-json\/wp\/v2\/types\/post"}],"author":[{"embeddable":true,"href":"https:\/\/www.europesays.com\/fr\/wp-json\/wp\/v2\/users\/2"}],"replies":[{"embeddable":true,"href":"https:\/\/www.europesays.com\/fr\/wp-json\/wp\/v2\/comments?post=243098"}],"version-history":[{"count":0,"href":"https:\/\/www.europesays.com\/fr\/wp-json\/wp\/v2\/posts\/243098\/revisions"}],"wp:featuredmedia":[{"embeddable":true,"href":"https:\/\/www.europesays.com\/fr\/wp-json\/wp\/v2\/media\/66937"}],"wp:attachment":[{"href":"https:\/\/www.europesays.com\/fr\/wp-json\/wp\/v2\/media?parent=243098"}],"wp:term":[{"taxonomy":"category","embeddable":true,"href":"https:\/\/www.europesays.com\/fr\/wp-json\/wp\/v2\/categories?post=243098"},{"taxonomy":"post_tag","embeddable":true,"href":"https:\/\/www.europesays.com\/fr\/wp-json\/wp\/v2\/tags?post=243098"}],"curies":[{"name":"wp","href":"https:\/\/api.w.org\/{rel}","templated":true}]}}