{"id":243106,"date":"2025-07-11T18:41:11","date_gmt":"2025-07-11T18:41:11","guid":{"rendered":"https:\/\/www.europesays.com\/fr\/243106\/"},"modified":"2025-07-11T18:41:11","modified_gmt":"2025-07-11T18:41:11","slug":"un-nouveau-poste-de-police-municipale-inaugure-a-falicon-un-pas-de-plus","status":"publish","type":"post","link":"https:\/\/www.europesays.com\/fr\/243106\/","title":{"rendered":"Un nouveau poste de police municipale inaugur\u00e9 \u00e0 Falicon : un pas de plus (\u2026)"},"content":{"rendered":"<p>                    <img loading=\"lazy\" decoding=\"async\" src=\"https:\/\/www.europesays.com\/fr\/wp-content\/uploads\/2025\/07\/870e516e2e7c024a633b06974a6503.jpg\" class=\"img-responsive post-image\" width=\"680\" height=\"510\" alt=\"Un nouveau poste de (\u2026)\" title=\"Un nouveau poste de police municipale inaugur\u00e9 \u00e0 Falicon : un pas de plus vers la s\u00e9curit\u00e9 et la proximit\u00e9\"\/><\/p>\n<p class=\"chapo\">Le dimanche 7 juillet la commune de Falicon a officiellement inaugur\u00e9 son nouveau poste de police municipale, situ\u00e9 au c\u0153ur du village. Ce nouvel \u00e9quipement marque une \u00e9tape importante dans la volont\u00e9 de la municipalit\u00e9 de renforcer la s\u00e9curit\u00e9, la proximit\u00e9 et l\u2019efficacit\u00e9 du service public sur son territoire.<\/p>\n<p class=\"texte\">La c\u00e9r\u00e9monie s\u2019est d\u00e9roul\u00e9e en pr\u00e9sence d\u2019Ana\u00efs Tosel, maire de Falicon et de nombreuses personnalit\u00e9s locales, dont le d\u00e9put\u00e9 <strong>\u00c9ric Ciotti,<\/strong> venu saluer l\u2019engagement de la commune en faveur de la tranquillit\u00e9 publique. Modernes, fonctionnels et pens\u00e9s pour am\u00e9liorer les conditions de travail des agents, ces nouveaux locaux sont \u00e9galement con\u00e7us pour offrir un meilleur accueil \u00e0 la population.<\/p>\n<p>Avec ce nouveau poste de police, la commune r\u00e9affirme sa volont\u00e9 d\u2019allier proximit\u00e9 et efficacit\u00e9 dans le service rendu aux habitants. Une initiative salu\u00e9e tant par les \u00e9lus que par les habitants, qui voient en ce projet un gage de s\u00e9r\u00e9nit\u00e9 pour l\u2019avenir.<\/p>\n<p>Visuel de Une\u00a0: \u00a9Mairie de Falicon sur Facebook<\/p>\n","protected":false},"excerpt":{"rendered":"Le dimanche 7 juillet la commune de Falicon a officiellement inaugur\u00e9 son nouveau poste de police municipale, situ\u00e9&hellip;\n","protected":false},"author":2,"featured_media":243107,"comment_status":"","ping_status":"","sticky":false,"template":"","format":"standard","meta":{"footnotes":""},"categories":[2819],"tags":[1111,11,2408,1777,674,1011,27,12,2401,882,25],"class_list":{"0":"post-243106","1":"post","2":"type-post","3":"status-publish","4":"format-standard","5":"has-post-thumbnail","7":"category-nice","8":"tag-actu","9":"tag-actualites","10":"tag-appels-d","11":"tag-eu","12":"tag-europe","13":"tag-fr","14":"tag-france","15":"tag-news","16":"tag-nice","17":"tag-provence-alpes-cote-dazur","18":"tag-republique-francaise"},"share_on_mastodon":{"url":"https:\/\/pubeurope.com\/@fr\/114836071023299361","error":""},"_links":{"self":[{"href":"https:\/\/www.europesays.com\/fr\/wp-json\/wp\/v2\/posts\/243106","targetHints":{"allow":["GET"]}}],"collection":[{"href":"https:\/\/www.europesays.com\/fr\/wp-json\/wp\/v2\/posts"}],"about":[{"href":"https:\/\/www.europesays.com\/fr\/wp-json\/wp\/v2\/types\/post"}],"author":[{"embeddable":true,"href":"https:\/\/www.europesays.com\/fr\/wp-json\/wp\/v2\/users\/2"}],"replies":[{"embeddable":true,"href":"https:\/\/www.europesays.com\/fr\/wp-json\/wp\/v2\/comments?post=243106"}],"version-history":[{"count":0,"href":"https:\/\/www.europesays.com\/fr\/wp-json\/wp\/v2\/posts\/243106\/revisions"}],"wp:featuredmedia":[{"embeddable":true,"href":"https:\/\/www.europesays.com\/fr\/wp-json\/wp\/v2\/media\/243107"}],"wp:attachment":[{"href":"https:\/\/www.europesays.com\/fr\/wp-json\/wp\/v2\/media?parent=243106"}],"wp:term":[{"taxonomy":"category","embeddable":true,"href":"https:\/\/www.europesays.com\/fr\/wp-json\/wp\/v2\/categories?post=243106"},{"taxonomy":"post_tag","embeddable":true,"href":"https:\/\/www.europesays.com\/fr\/wp-json\/wp\/v2\/tags?post=243106"}],"curies":[{"name":"wp","href":"https:\/\/api.w.org\/{rel}","templated":true}]}}