{"id":243122,"date":"2025-07-11T18:50:13","date_gmt":"2025-07-11T18:50:13","guid":{"rendered":"https:\/\/www.europesays.com\/fr\/243122\/"},"modified":"2025-07-11T18:50:13","modified_gmt":"2025-07-11T18:50:13","slug":"seconde-ligue-le-calendrier-connu-reims-debute-a-lille-auxerre-face-a-guingamp","status":"publish","type":"post","link":"https:\/\/www.europesays.com\/fr\/243122\/","title":{"rendered":"Seconde Ligue &#8211; Le calendrier connu : REIMS d\u00e9bute \u00e0 LILLE, AUXERRE face \u00e0 GUINGAMP"},"content":{"rendered":"<p>\n\t\t\t\t\t Le championnat de Seconde Ligue reprendra le 7 septembre avec quelques belles affiches. Ainsi le rel\u00e9gu\u00e9 r\u00e9mois sera sur le terrain du LOSC pour d\u00e9buter la saison, tandis que Guingamp, autre rel\u00e9gu\u00e9 de Premi\u00e8re Ligue, jouera \u00e0 Auxerre, promu de D3 en Seconde Ligue. Un autre duel vaudra le d\u00e9tour entre Le Mans et Toulouse qui ont jou\u00e9 le haut de tableau tout au long de la saison 2024-2025.\n\t\t\t\t <\/p>\n","protected":false},"excerpt":{"rendered":"Le championnat de Seconde Ligue reprendra le 7 septembre avec quelques belles affiches. Ainsi le rel\u00e9gu\u00e9 r\u00e9mois sera&hellip;\n","protected":false},"author":2,"featured_media":243123,"comment_status":"","ping_status":"","sticky":false,"template":"","format":"standard","meta":{"footnotes":""},"categories":[2815],"tags":[1111,11,12437,12442,1777,674,1295,2257,63,1011,27,12440,811,1307,12,25,8359,12439,12441,12438],"class_list":{"0":"post-243122","1":"post","2":"type-post","3":"status-publish","4":"format-standard","5":"has-post-thumbnail","7":"category-lille","8":"tag-actu","9":"tag-actualites","10":"tag-bleues","11":"tag-championnat-de-france-feminin","12":"tag-eu","13":"tag-europe","14":"tag-feminin","15":"tag-foot","16":"tag-football","17":"tag-fr","18":"tag-france","19":"tag-frauen-fussball","20":"tag-hauts-de-france","21":"tag-lille","22":"tag-news","23":"tag-republique-francaise","24":"tag-soccer","25":"tag-vrouwenvoetbal","26":"tag-women-national-teams","27":"tag-women-soccer"},"share_on_mastodon":{"url":"https:\/\/pubeurope.com\/@fr\/114836106374422960","error":""},"_links":{"self":[{"href":"https:\/\/www.europesays.com\/fr\/wp-json\/wp\/v2\/posts\/243122","targetHints":{"allow":["GET"]}}],"collection":[{"href":"https:\/\/www.europesays.com\/fr\/wp-json\/wp\/v2\/posts"}],"about":[{"href":"https:\/\/www.europesays.com\/fr\/wp-json\/wp\/v2\/types\/post"}],"author":[{"embeddable":true,"href":"https:\/\/www.europesays.com\/fr\/wp-json\/wp\/v2\/users\/2"}],"replies":[{"embeddable":true,"href":"https:\/\/www.europesays.com\/fr\/wp-json\/wp\/v2\/comments?post=243122"}],"version-history":[{"count":0,"href":"https:\/\/www.europesays.com\/fr\/wp-json\/wp\/v2\/posts\/243122\/revisions"}],"wp:featuredmedia":[{"embeddable":true,"href":"https:\/\/www.europesays.com\/fr\/wp-json\/wp\/v2\/media\/243123"}],"wp:attachment":[{"href":"https:\/\/www.europesays.com\/fr\/wp-json\/wp\/v2\/media?parent=243122"}],"wp:term":[{"taxonomy":"category","embeddable":true,"href":"https:\/\/www.europesays.com\/fr\/wp-json\/wp\/v2\/categories?post=243122"},{"taxonomy":"post_tag","embeddable":true,"href":"https:\/\/www.europesays.com\/fr\/wp-json\/wp\/v2\/tags?post=243122"}],"curies":[{"name":"wp","href":"https:\/\/api.w.org\/{rel}","templated":true}]}}