{"id":243177,"date":"2025-07-11T19:22:11","date_gmt":"2025-07-11T19:22:11","guid":{"rendered":"https:\/\/www.europesays.com\/fr\/243177\/"},"modified":"2025-07-11T19:22:11","modified_gmt":"2025-07-11T19:22:11","slug":"vienne-pierre-desmedt-en-dedicace-a-lucioles-ce-samedi-12-juillet","status":"publish","type":"post","link":"https:\/\/www.europesays.com\/fr\/243177\/","title":{"rendered":"Vienne. Pierre Desmedt en d\u00e9dicace \u00e0 Lucioles ce samedi 12\u00a0juillet"},"content":{"rendered":"<p>L\u2019auteur Pierre Desmedt, auteur du T\u00eatard aux hublots et d\u2019 Engrenages, une m\u00e9lodie dans un monde de brutes (\u00c9ditions du S\u00e9maphore) sera ce samedi \u00e0 la librairie Lucioles pour d\u00e9dicacer ses deux romans inspir\u00e9s de faits r\u00e9els.<\/p>\n<p class=\"note\">Librairie Lucioles, 13 place Charles-de-Gaulle \u00e0 Vienne, samedi 12\u00a0Juillet, le matin de 11\u00a0h\u00a030 \u00e0 13\u00a0h, et l\u2019apr\u00e8s-midi de 15\u00a0h\u00a030 \u00e0 17\u00a0h\u00a030.<\/p>\n","protected":false},"excerpt":{"rendered":"L\u2019auteur Pierre Desmedt, auteur du T\u00eatard aux hublots et d\u2019 Engrenages, une m\u00e9lodie dans un monde de brutes&hellip;\n","protected":false},"author":2,"featured_media":243178,"comment_status":"","ping_status":"","sticky":false,"template":"","format":"standard","meta":{"footnotes":""},"categories":[1357],"tags":[1379,1687,58,111,59,1011,27,1380,2410,1584,10589],"class_list":{"0":"post-243177","1":"post","2":"type-post","3":"status-publish","4":"format-standard","5":"has-post-thumbnail","7":"category-livres","8":"tag-books","9":"tag-culture-loisirs","10":"tag-divertissement","11":"tag-edition-vienne-roussillon","12":"tag-entertainment","13":"tag-fr","14":"tag-france","15":"tag-livres","16":"tag-livres-bd","17":"tag-vienne","18":"tag-vienne-bassin"},"share_on_mastodon":{"url":"https:\/\/pubeurope.com\/@fr\/114836232205445436","error":""},"_links":{"self":[{"href":"https:\/\/www.europesays.com\/fr\/wp-json\/wp\/v2\/posts\/243177","targetHints":{"allow":["GET"]}}],"collection":[{"href":"https:\/\/www.europesays.com\/fr\/wp-json\/wp\/v2\/posts"}],"about":[{"href":"https:\/\/www.europesays.com\/fr\/wp-json\/wp\/v2\/types\/post"}],"author":[{"embeddable":true,"href":"https:\/\/www.europesays.com\/fr\/wp-json\/wp\/v2\/users\/2"}],"replies":[{"embeddable":true,"href":"https:\/\/www.europesays.com\/fr\/wp-json\/wp\/v2\/comments?post=243177"}],"version-history":[{"count":0,"href":"https:\/\/www.europesays.com\/fr\/wp-json\/wp\/v2\/posts\/243177\/revisions"}],"wp:featuredmedia":[{"embeddable":true,"href":"https:\/\/www.europesays.com\/fr\/wp-json\/wp\/v2\/media\/243178"}],"wp:attachment":[{"href":"https:\/\/www.europesays.com\/fr\/wp-json\/wp\/v2\/media?parent=243177"}],"wp:term":[{"taxonomy":"category","embeddable":true,"href":"https:\/\/www.europesays.com\/fr\/wp-json\/wp\/v2\/categories?post=243177"},{"taxonomy":"post_tag","embeddable":true,"href":"https:\/\/www.europesays.com\/fr\/wp-json\/wp\/v2\/tags?post=243177"}],"curies":[{"name":"wp","href":"https:\/\/api.w.org\/{rel}","templated":true}]}}