{"id":243179,"date":"2025-07-11T19:23:20","date_gmt":"2025-07-11T19:23:20","guid":{"rendered":"https:\/\/www.europesays.com\/fr\/243179\/"},"modified":"2025-07-11T19:23:20","modified_gmt":"2025-07-11T19:23:20","slug":"emilien-revele-le-nombre-de-voyages-quil-lui-reste-a-faire-apres-son-elimination-du-jeu-de-jean-luc-reichmann","status":"publish","type":"post","link":"https:\/\/www.europesays.com\/fr\/243179\/","title":{"rendered":"Emilien r\u00e9v\u00e8le le nombre de voyages qu&rsquo;il lui reste \u00e0 faire apr\u00e8s son \u00e9limination du jeu de Jean-Luc Reichmann"},"content":{"rendered":"<p>A peine \u00e9limin\u00e9 des 12 coups de midi sur TF1, Emilien a vite rebondi sur un autre m\u00e9dia : Twitch. Le plus grand champion des jeux t\u00e9l\u00e9 en France a lanc\u00e9 sa propre cha\u00eene sur la plate-forme. Lundi 7 juillet 2025, au cours d&rsquo;un live, il a r\u00e9v\u00e9l\u00e9 le nombre de voyages qu&rsquo;il lui restait \u00e0 faire gr\u00e2ce aux cadeaux accumul\u00e9s dans le jeu de Jean-Luc Reichmann. <\/p>\n<p>Alors qu&rsquo;il semblait ind\u00e9tr\u00f4nable,<a href=\"https:\/\/www.programme-tv.net\/news\/tv\/382426-coup-de-theatre-emilien-elimine-des-12-coups-de-midi-apres-646-victoires-je-n-avais-pas-les-reponses\/\" data-api-deeplink=\"teleloisirs:\/\/news\/382426\" rel=\"nofollow noopener\" target=\"_blank\"> Emilien a \u00e9t\u00e9 \u00e9limin\u00e9 des 12 coups de midi, ce dimanche 6 juillet.<\/a> Pr\u00e9sent dans l&rsquo;\u00e9mission de <a href=\"https:\/\/www.programme-tv.net\/biographie\/2099-reichmann-jean-luc\/\" data-link-people=\"f5b49b93-58e5-45b7-be63-499f37b1b108\" rel=\"nofollow noopener\" target=\"_blank\">Jean-Luc Reichmann<\/a> depuis le 25 septembre 2023, l&rsquo;\u00e9tudiant en histoire a accumul\u00e9 2 566 931 euros de gains et de cadeaux. <a href=\"https:\/\/www.programme-tv.net\/news\/tv\/382669-audiences-les-12-coups-de-midi-quel-score-pour-l-elimination-d-emilien-sur-tf1\/\" data-api-deeplink=\"teleloisirs:\/\/news\/382669\" rel=\"nofollow noopener\" target=\"_blank\">Les t\u00e9l\u00e9spectateurs \u00e9taient d&rsquo;ailleurs au rendez-vous pour le baroud d&rsquo;honneur du champion,<\/a> dont <a href=\"https:\/\/www.programme-tv.net\/news\/tv\/383181-dans-mon-equipe-il-y-a-un-traitre-jean-luc-reichmann-revient-sur-l-elimination-d-emilien-aux-12-coups-de-midi-devoilee-en-amont-sur-les-reseaux-sociaux\/\" data-api-deeplink=\"teleloisirs:\/\/news\/383181\" rel=\"nofollow noopener\" target=\"_blank\">la date de d\u00e9part avait fuit\u00e9 sur les r\u00e9seaux sociaux<\/a>. C&rsquo;est Romain, 44 ans, ing\u00e9nieur en b\u00e2timent et p\u00e8re de deux enfants, qui a r\u00e9ussi l&rsquo;exploit de battre le compagnon de Jessica. Mais son parcours dans l&rsquo;\u00e9mission a \u00e9t\u00e9 fulgurant. <a href=\"https:\/\/www.programme-tv.net\/news\/tv\/382786-exclu-je-suis-tellement-degoute-romain-qui-a-detrone-emilien-deja-elimine-des-12-coups-de-midi-il-reagit-a-sa-defaite\/\" data-api-deeplink=\"teleloisirs:\/\/news\/382786\" rel=\"nofollow noopener\" target=\"_blank\">D\u00e8s le lendemain, il a quitt\u00e9 le jeu<\/a>. \u00ab\u00a0Je bats \u00c9milien, je suis le h\u00e9ros, tout \u00e7a, la seconde \u00e9mission d\u00e9marre 10 minutes apr\u00e8s et je sors au bout de 20 minutes\u00a0\u00bb, a-t-il d\u00e9plor\u00e9, interrog\u00e9 par T\u00e9l\u00e9-Loisirs.<\/p>\n<p>Emilien (Les 12 coups de midi) a fait un voyage seulement pendant un an et demi<\/p>\n<p>Emilien a r\u00e9v\u00e9l\u00e9 qu&rsquo;il allait<a href=\"https:\/\/www.programme-tv.net\/news\/tv\/382778-je-vais-prendre-le-relais-de-ma-mere-emilien-evoque-ce-quil-va-faire-de-ses-809-881-euros-de-cadeaux-gagnes-dans-les-12-coups-de-midi\/\" data-api-deeplink=\"teleloisirs:\/\/news\/382778\" rel=\"nofollow noopener\" target=\"_blank\"> s&rsquo;occuper d\u00e9sormais de la logistique li\u00e9e \u00e0 tous les cadeaux qu&rsquo;il a emport\u00e9s dans le jeu de Jean-Luc Reichmann<\/a>. \u00ab\u00a0Je vais pouvoir prendre le relais de ma m\u00e8re qui s&rsquo;occupait de tout \u00e7a. L&rsquo;id\u00e9e est aussi de dispatcher et de vendre \u00e0 droite et \u00e0 gauche\u00a0\u00bb, a-t-il r\u00e9sum\u00e9. Avec ses 23 \u00e9toiles myst\u00e9rieuses d\u00e9couvertes, le champion dispose d&rsquo;un parc automobile cons\u00e9quent de 23 v\u00e9hicules. Mais durant son parcours dans Les 12 coups de midi, il a aussi gagn\u00e9 plusieurs s\u00e9jours. Invit\u00e9 sur Twitch ce lundi 7 juillet, Emilien a d\u00e9voil\u00e9 le nombre de voyages qu&rsquo;il lui restait \u00e0 faire.<b> \u00ab\u00a0J&rsquo;en ai quatre.<\/b> C&rsquo;est trop bien. C&rsquo;est une occasion de fou de pouvoir voyager. Je vais essayer d&rsquo;en profiter\u00a0\u00bb, a-t-il indiqu\u00e9, sans pr\u00e9ciser les destinations. Sur le plateau du jeu de TF1, <a href=\"https:\/\/www.programme-tv.net\/news\/tv\/375262-le-mec-au-lieu-de-partir-a-tahiti-emilien-les-12-coups-de-midi-sest-octroye-un-seul-voyage-en-un-an-son-choix-de-destination-choque-jean-luc-reichmann\/\" data-api-deeplink=\"teleloisirs:\/\/news\/375262\" rel=\"nofollow noopener\" target=\"_blank\">Jean-Luc Reichmann avait justement taquin\u00e9 Emilien au sujet de ses vacances. <\/a>\u00ab\u00a0On le dit aux t\u00e9l\u00e9spectateurs, on a parl\u00e9 avec \u00c9milien. Depuis un an et demi qu\u2019il est l\u00e0, \u00e9coutez bien, il n\u2019a fait qu\u2019un seul voyage, qui \u00e9tait offert dans une \u00e9toile, et c\u2019\u00e9tait \u00e0 Berlin\u00a0\u00bb, avait-il lanc\u00e9. \u00ab\u00a0Le mec, au lieu de partir \u00e0 Tahiti, il fait un voyage culturel !\u201d, s&rsquo;\u00e9tait-il \u00e9tonn\u00e9 ensuite. Une strat\u00e9gie qui avait port\u00e9 ses fruits jusque-l\u00e0.<\/p>\n<p>                        Emilien (Les 12 coups de midi) est-il pr\u00eat \u00e0 participer \u00e0 Questions pour un champion ? Il r\u00e9pond !<\/p>\n<p>Sur Twitch,<a href=\"https:\/\/www.programme-tv.net\/news\/tv\/382853-je-suis-terrifie-emilien-veut-participer-a-un-autre-jeu-emblematique-suite-a-son-elimination-dans-les-12-coups-de-midi\/\" data-api-deeplink=\"teleloisirs:\/\/news\/382853\" rel=\"nofollow noopener\" target=\"_blank\"> Emilien a aussi \u00e9voqu\u00e9 Questions pour un champion et la probabilit\u00e9 qu&rsquo;il participe au jeu de Samuel Etienne<\/a>. \u00ab\u00a0Je pense que je peux gagner une \u00e9mission, mais il y a un moment o\u00f9 je ne gagne pas. C&rsquo;est pourquoi je suis terrifi\u00e9 et je ne suis pas pr\u00eat d&rsquo;y aller\u00a0\u00bb, a-t-il r\u00e9v\u00e9l\u00e9. <a href=\"https:\/\/www.programme-tv.net\/news\/tv\/382156-questions-pour-un-champion-le-jeu-de-france-3-deprogramme-en-semaine-des-la-rentree-samuel-etienne-reagit-a-cette-annonce\/\" data-api-deeplink=\"teleloisirs:\/\/news\/382156\" rel=\"nofollow noopener\" target=\"_blank\">Il a regrett\u00e9 au passage que le jeu quitte la grille de France 3 en semaine.<\/a><\/p>\n","protected":false},"excerpt":{"rendered":"A peine \u00e9limin\u00e9 des 12 coups de midi sur TF1, Emilien a vite rebondi sur un autre m\u00e9dia&hellip;\n","protected":false},"author":2,"featured_media":243180,"comment_status":"","ping_status":"","sticky":false,"template":"","format":"standard","meta":{"footnotes":""},"categories":[1356],"tags":[244,58,8049,59,1011,27,8050,27173,6569,252,199,1364,27152,1421],"class_list":{"0":"post-243179","1":"post","2":"type-post","3":"status-publish","4":"format-standard","5":"has-post-thumbnail","7":"category-television","8":"tag-commentaire","9":"tag-divertissement","10":"tag-emilien-les-12-coups-de-midi","11":"tag-entertainment","12":"tag-fr","13":"tag-france","14":"tag-les-douze-coups-de-midi","15":"tag-maitre-de-midi","16":"tag-streamers","17":"tag-television","18":"tag-tf1","19":"tag-tv","20":"tag-u00e9toile-mystu00e9rieuse","21":"tag-zap"},"share_on_mastodon":{"url":"https:\/\/pubeurope.com\/@fr\/114836236131567340","error":""},"_links":{"self":[{"href":"https:\/\/www.europesays.com\/fr\/wp-json\/wp\/v2\/posts\/243179","targetHints":{"allow":["GET"]}}],"collection":[{"href":"https:\/\/www.europesays.com\/fr\/wp-json\/wp\/v2\/posts"}],"about":[{"href":"https:\/\/www.europesays.com\/fr\/wp-json\/wp\/v2\/types\/post"}],"author":[{"embeddable":true,"href":"https:\/\/www.europesays.com\/fr\/wp-json\/wp\/v2\/users\/2"}],"replies":[{"embeddable":true,"href":"https:\/\/www.europesays.com\/fr\/wp-json\/wp\/v2\/comments?post=243179"}],"version-history":[{"count":0,"href":"https:\/\/www.europesays.com\/fr\/wp-json\/wp\/v2\/posts\/243179\/revisions"}],"wp:featuredmedia":[{"embeddable":true,"href":"https:\/\/www.europesays.com\/fr\/wp-json\/wp\/v2\/media\/243180"}],"wp:attachment":[{"href":"https:\/\/www.europesays.com\/fr\/wp-json\/wp\/v2\/media?parent=243179"}],"wp:term":[{"taxonomy":"category","embeddable":true,"href":"https:\/\/www.europesays.com\/fr\/wp-json\/wp\/v2\/categories?post=243179"},{"taxonomy":"post_tag","embeddable":true,"href":"https:\/\/www.europesays.com\/fr\/wp-json\/wp\/v2\/tags?post=243179"}],"curies":[{"name":"wp","href":"https:\/\/api.w.org\/{rel}","templated":true}]}}