{"id":243185,"date":"2025-07-11T19:26:12","date_gmt":"2025-07-11T19:26:12","guid":{"rendered":"https:\/\/www.europesays.com\/fr\/243185\/"},"modified":"2025-07-11T19:26:12","modified_gmt":"2025-07-11T19:26:12","slug":"tda-une-mere-se-bat-pour-le-soutien-scolaire-de-son-fils","status":"publish","type":"post","link":"https:\/\/www.europesays.com\/fr\/243185\/","title":{"rendered":"TDA\u00a0: une m\u00e8re se bat pour le soutien scolaire de son fils"},"content":{"rendered":"<p>Publi\u00e911. juillet 2025, 15:46<\/p>\n<p>TDA au Luxembourg: \u00abMon c\u0153ur de maman a senti que quelque chose n\u2019allait pas\u00bb<\/p>\n<p>Nicole se bat pour que son fils, atteint d&rsquo;un trouble du d\u00e9ficit de l&rsquo;attention (TDA) diagnostiqu\u00e9 tardivement, puisse b\u00e9n\u00e9ficier du soutien et d\u2019aides dont il a besoin.<\/p>\n<p><img decoding=\"async\" alt=\"Marion Chevrier\" src=\"https:\/\/www.europesays.com\/fr\/wp-content\/uploads\/2025\/07\/3565b6a6-b58e-432b-9159-f8dce2e5b89b.jpeg\" class=\"sc-b1f21c84-1 juVSAe\"\/><img loading=\"lazy\" decoding=\"async\" src=\"https:\/\/www.europesays.com\/fr\/wp-content\/uploads\/2025\/07\/387483fb-5476-4fa5-b526-236a31a6c45b.avif\" alt=\"Nicole est certaine que de nombreux adolescents ne sont pas diagnostiqu\u00e9s.\" title=\"Nicole est certaine que de nombreux adolescents ne sont pas diagnostiqu\u00e9s.\"  width=\"740\" height=\"493\"\/><\/p>\n<p>Nicole est certaine que de nombreux adolescents ne sont pas diagnostiqu\u00e9s.<\/p>\n<p>Image d&rsquo;illustration\/Freepik<\/p>\n<p>\u00abMon fils n\u2019est ni feignant ni handicap\u00e9!\u00bb C\u2019est un cri du c\u0153ur que lance Nicole aujourd\u2019hui. Son fils adolescent a \u00e9t\u00e9 diagnostiqu\u00e9 TDA (NDLR: trouble du d\u00e9ficit de l&rsquo;attention) au d\u00e9but de l\u2019ann\u00e9e scolaire, \u00e0 l\u2019\u00e2ge de 17 ans, apr\u00e8s une ann\u00e9e scolaire \u00abtr\u00e8s compliqu\u00e9e\u00bb, et elle a l\u2019impression de se battre contre des moulins \u00e0 vent. \u00abC\u2019est un parcours du combattant, \u00e7a demande du temps et de l\u2019\u00e9nergie pour tout, j\u2019ai l\u2019impression de ne pas \u00eatre soutenue par l\u2019\u00e9cole\u00bb, regrette-t-elle.<\/p>\n<p>Elle raconte que tout a bascul\u00e9 l\u2019ann\u00e9e derni\u00e8re. \u00abSes r\u00e9sultats ont d\u00e9gringol\u00e9 d\u2019un coup et quand je lui ai demand\u00e9 pourquoi, il a eu du mal \u00e0 l\u2019expliquer\u00bb. C\u2019est comme si tout s\u2019\u00e9tait d\u00e9r\u00e9gl\u00e9, \u00abil n\u2019arrivait plus \u00e0 se concentrer, \u00e0 s\u2019organiser\u00bb. Selon elle, l&rsquo;\u00e9l\u00e9ment d\u00e9clencheur aurait \u00e9t\u00e9 l&rsquo;incomp\u00e9tence du prof de maths de son fils, \u00ablui qui adorait les maths, il s&rsquo;est senti perdu, d\u00e9boussol\u00e9\u00bb.<\/p>\n<p>Le trouble d\u00e9ficit de l\u2019attention avec ou sans hyperactivit\u00e9 (TDA\/H) est un trouble neurod\u00e9veloppemental qui se caract\u00e9rise par l\u2019inattention, l\u2019impulsivit\u00e9 et l\u2019hyperactivit\u00e9, indique <a target=\"_blank\" href=\"https:\/\/tdah.lu\/\" rel=\"noopener noreferrer nofollow\">tdah.lu<\/a>. Dans la litt\u00e9rature sp\u00e9cialis\u00e9e internationale, on parle souvent de 4 \u00e0 6% d\u2019enfants qui seraient atteints de ce trouble.<\/p>\n<p>Les sympt\u00f4mes de l\u2019hyperactivit\u00e9\/impulsivit\u00e9 sont plus fr\u00e9quents chez les gar\u00e7ons, alors que les filles pr\u00e9sentent surtout les sympt\u00f4mes d\u2019inattention.<\/p>\n<p>La communaut\u00e9 scolaire a mis \u00e7a sur le compte de la paresse. \u00abIls ont estim\u00e9 que c\u2019\u00e9tait un jeune qui ne voulait plus faire d\u2019efforts, qui \u00e9tait paresseux. Mais moi, je sais que c\u2019est faux, je connais mon fils, c\u2019\u00e9tait un \u00e9l\u00e8ve m\u00e9ritant qui a toujours eu de bonnes notes, j\u2019ai senti dans mon c\u0153ur de maman que quelque chose n\u2019allait pas\u00bb.<\/p>\n<blockquote class=\"Quote_quote__uexDU Quote_siteAreaNews__9_7Qz\">\n<p class=\"Quote_quoteText__6G6oY\">\u00abC\u2019est encore tabou au Luxembourg\u00bb<\/p>\n<\/blockquote>\n<p>Nicole<\/p>\n<p>Nicole cherche alors \u00e0 prendre rendez-vous chez un p\u00e9dopsychiatre et se rend compte que \u00abc\u2019est tr\u00e8s compliqu\u00e9\u00bb. \u00abOn me dit non parce que mon fils est soi-disant trop vieux\u00bb. \u00c0 la faveur de recrutements \u00e0 l\u2019h\u00f4pital Kirchberg, elle d\u00e9croche enfin un rendez-vous et le diagnostic tombe rapidement. \u00abOn \u00e9tait soulag\u00e9s tous les deux de pouvoir mettre des mots sur ce qui se passait\u00bb.<\/p>\n<p>Elle pense alors que tout va pouvoir s\u2019enclencher pour que son fils puisse mieux travailler \u00e0 l\u2019\u00e9cole, mais elle dit faire face \u00e0 un mur: \u00abJ\u2019ai d\u00fb demander deux avis de psychiatre pour qu\u2019il puisse b\u00e9n\u00e9ficier d\u2019am\u00e9nagements (NDLR: 15 minutes suppl\u00e9mentaires\u05c2) et \u00e7a a pris des mois, il ne les a obtenus qu\u2019en mai, \u00e0 la fin de l\u2019ann\u00e9e\u00bb. Et \u00abce n\u2019est pas toujours bien vu, c\u2019est encore tabou au Luxembourg\u00bb. Tout comme la prise de Ritaline, un m\u00e9dicament qui aide son fils \u00e0 se concentrer. \u00abJ\u2019ai entendu certains dire qu\u2019ils n\u2019\u00e9taient pas trop pour, mais mon fils en prendra tant qu\u2019il estime que \u00e7a lui fait du bien et que \u00e7a l\u2019aide, c\u2019est lui qui g\u00e8re\u00bb.<\/p>\n<blockquote class=\"Quote_quote__uexDU Quote_siteAreaNews__9_7Qz\">\n<p class=\"Quote_quoteText__6G6oY\">\u00abIl doit s\u2019\u00e9puiser pour essayer de r\u00e9ussir\u00bb<\/p>\n<\/blockquote>\n<p>Nicole<\/p>\n<p>Elle estime que la communaut\u00e9 scolaire a sous-estim\u00e9 les difficult\u00e9s de son fils, \u00abparce qu\u2019il a redoubl\u00e9 d\u2019efforts pour maintenir ses notes\u00bb. Mais la maman s\u2019inqui\u00e8te, \u00abil doit s\u2019\u00e9puiser pour essayer de r\u00e9ussir\u00bb. <a target=\"_blank\" href=\"https:\/\/www.petitiounen.lu\/fr\/petition\/3596?type=PUB\" rel=\"noopener noreferrer nofollow\">Elle a lanc\u00e9 une p\u00e9tition<\/a>\u00a0sur le site de la Chambre pour demander \u00abplus de soutien et d\u2019aides pour les personnes d\u00e9tect\u00e9es trop tard au niveau scolaire\u00bb.<\/p>\n<p>Le TDA de son fils \u00e9tait sans doute l\u00e0 depuis longtemps, \u00ables professionnels auraient d\u00fb le d\u00e9celer plus t\u00f4t, il faut davantage \u00e9pauler et orienter les parents\u00bb. Et mettre les moyens: \u00abDepuis que j\u2019ai lanc\u00e9 la p\u00e9tition, j\u2019ai des retours de personnes qui se retrouvent dans mon t\u00e9moignage, mais certains parents, d\u00e9pass\u00e9s, laissent sans doute tomber parce qu\u2019ils ne sont pas correctement accompagn\u00e9s et que c\u2019est gal\u00e8re pour obtenir un rendez-vous\u00bb.<\/p>\n<p>Nicole s\u2019accroche au r\u00eave de son fils: faire des \u00e9tudes dans le sport. \u00abQuand il fait du sport, il redevient ma\u00eetre de lui-m\u00eame, de son corps et le TDA s\u2019efface\u00bb.<\/p>\n<p>Curieux de d\u00e9couvrir qui fait l&rsquo;actu \u00e0 L&rsquo;essentiel? Rejoins-nous sur le r\u00e9seau business n\u00b0 1 au Luxembourg!<\/p>\n","protected":false},"excerpt":{"rendered":"Publi\u00e911. juillet 2025, 15:46 TDA au Luxembourg: \u00abMon c\u0153ur de maman a senti que quelque chose n\u2019allait pas\u00bb&hellip;\n","protected":false},"author":2,"featured_media":243186,"comment_status":"","ping_status":"","sticky":false,"template":"","format":"standard","meta":{"footnotes":""},"categories":[10],"tags":[1011,27,72,71],"class_list":{"0":"post-243185","1":"post","2":"type-post","3":"status-publish","4":"format-standard","5":"has-post-thumbnail","7":"category-sante","8":"tag-fr","9":"tag-france","10":"tag-health","11":"tag-sante"},"share_on_mastodon":{"url":"https:\/\/pubeurope.com\/@fr\/114836247966495817","error":""},"_links":{"self":[{"href":"https:\/\/www.europesays.com\/fr\/wp-json\/wp\/v2\/posts\/243185","targetHints":{"allow":["GET"]}}],"collection":[{"href":"https:\/\/www.europesays.com\/fr\/wp-json\/wp\/v2\/posts"}],"about":[{"href":"https:\/\/www.europesays.com\/fr\/wp-json\/wp\/v2\/types\/post"}],"author":[{"embeddable":true,"href":"https:\/\/www.europesays.com\/fr\/wp-json\/wp\/v2\/users\/2"}],"replies":[{"embeddable":true,"href":"https:\/\/www.europesays.com\/fr\/wp-json\/wp\/v2\/comments?post=243185"}],"version-history":[{"count":0,"href":"https:\/\/www.europesays.com\/fr\/wp-json\/wp\/v2\/posts\/243185\/revisions"}],"wp:featuredmedia":[{"embeddable":true,"href":"https:\/\/www.europesays.com\/fr\/wp-json\/wp\/v2\/media\/243186"}],"wp:attachment":[{"href":"https:\/\/www.europesays.com\/fr\/wp-json\/wp\/v2\/media?parent=243185"}],"wp:term":[{"taxonomy":"category","embeddable":true,"href":"https:\/\/www.europesays.com\/fr\/wp-json\/wp\/v2\/categories?post=243185"},{"taxonomy":"post_tag","embeddable":true,"href":"https:\/\/www.europesays.com\/fr\/wp-json\/wp\/v2\/tags?post=243185"}],"curies":[{"name":"wp","href":"https:\/\/api.w.org\/{rel}","templated":true}]}}