{"id":243189,"date":"2025-07-11T19:28:10","date_gmt":"2025-07-11T19:28:10","guid":{"rendered":"https:\/\/www.europesays.com\/fr\/243189\/"},"modified":"2025-07-11T19:28:10","modified_gmt":"2025-07-11T19:28:10","slug":"jai-mis-du-temps-avant-de-laimer","status":"publish","type":"post","link":"https:\/\/www.europesays.com\/fr\/243189\/","title":{"rendered":"J&rsquo;ai mis du temps avant de l&rsquo;aimer"},"content":{"rendered":"<p>En 2004, la vie de Johnny et Laeticia Hallyday change du tout au<br \/>\ntout lorsqu\u2019ils adoptent au Vietnam une petite fille pr\u00e9nomm\u00e9e<br \/>\nJade. \u00ab\u00a0C\u00a0\u00bbest un des moments les plus forts de ma vie. C&rsquo;est<br \/>\nmagique, c&rsquo;est hors du temps. J&rsquo;aurais aim\u00e9 que le temps s&rsquo;arr\u00eate \u00e0<br \/>\nce moment-l\u00e0\u00a0\u00bb, confiait avec \u00e9motion la veuve du Taulier dans<br \/>\nune pr\u00e9c\u00e9dente \u00e9mission de 50\u2019 Inside. Devenir m\u00e8re a \u00e9t\u00e9 une<br \/>\nv\u00e9ritable r\u00e9v\u00e9lation pour Laeticia qui remet \u00e7a quatre ans plus<br \/>\ntard. En 2008, Joy fait \u00e0 son tour son arriv\u00e9e au sein du c\u00e9l\u00e8bre<br \/>\nclan.<\/p>\n<p>Jade et Joy Hallyday : main dans la main pour l\u2019\u00e9preuve la plus<br \/>\ndifficile de leur vie<\/p>\n<p>En \u00e9tant adopt\u00e9es par Johnny et Laeticia Hallyday, Jade et Joy<br \/>\nont eu le privil\u00e8ge de grandir et d\u2019\u00e9voluer dans <strong>un cadre<br \/>\nde vie sain et rempli d\u2019amour<\/strong>. Mieux encore, les deux<br \/>\njeunes filles ont eu <strong>la chance de partager leur quotidien<br \/>\nentre la France, Saint-Barth\u00e9lemy et Los Angeles<\/strong> o\u00f9 elles<br \/>\nvivent depuis maintenant plusieurs ann\u00e9es.<\/p>\n<p>Soud\u00e9es, <strong>Jade et Joy ont travers\u00e9 ensemble une p\u00e9riode<br \/>\nparticuli\u00e8rement douloureuse<\/strong>, \u00e0 savoir <strong>la mort de<br \/>\nleur p\u00e8re<\/strong> en d\u00e9cembre 2017. \u00ab\u00a0C\u2019est quelque chose qui<br \/>\nest dur, <strong>un autre chapitre de notre vie, marquant mais<br \/>\ndouloureux\u00a0\u00bb<\/strong>, confiait ainsi Joy devant les cam\u00e9ras de<br \/>\nTF1 en 2023. Pour ne rien arranger, les deux s\u0153urs doivent<br \/>\ncontinuellement faire <a href=\"https:\/\/www.melty.fr\/people\/jade-et-joy-hallyday-de-retour-a-paris-cette-danse-ne-passe-pas-bonjour-leducation-2247856.html\" rel=\"nofollow noopener\" target=\"_blank\"><br \/>\nface au cyberharc\u00e8lement sur les r\u00e9seaux sociaux<\/a>. Critiqu\u00e9es en<br \/>\nmasse, ces derni\u00e8res font en effet <strong>l\u2019objet de violents<br \/>\ncommentaires<\/strong> sous chacune de leurs publications.<\/p>\n<p>Jade r\u00e9v\u00e8le avoir eu beaucoup de mal \u00e0 accepter Joy<\/p>\n<p>Aujourd\u2019hui, <strong>Jade et Joy sont comme les deux doigts de<br \/>\nla main<\/strong>. Incroyable mais vrai, <strong>cela n\u2019a pourtant<br \/>\npas toujours \u00e9t\u00e9 le cas<\/strong>. Dans les colonnes de Paris Match<br \/>\nen d\u00e9cembre 2023, l\u2019a\u00een\u00e9e s\u2019est confi\u00e9e sans d\u00e9tour sur leur<br \/>\nrelation. \u00ab\u00a0\u00c0 mesure qu&rsquo;on grandit et qu&rsquo;on a de plus en plus<br \/>\nles m\u00eames d\u00e9lires, le lien se renforce\u00a0\u00bb, expliquait d\u2019abord<br \/>\nJade. Malgr\u00e9 tout, la jalousie s\u2019est rapidement install\u00e9e entre les<br \/>\ndeux s\u0153urs : <strong>\u00ab\u00a0Je me rappelle avoir pleur\u00e9 de rage tout<br \/>\nle long du trajet quand on l&rsquo;a ramen\u00e9e de<br \/>\nl\u2019orphelinat\u00a0\u00bb<\/strong>.<\/p>\n<p>Ce moment o\u00f9 Laeticia et Johnny Hallyday ont ramen\u00e9 Joy pour la<br \/>\npremi\u00e8re fois \u00e0 la maison ? Jade s\u2019en souvient comme si c\u2019\u00e9tait<br \/>\nhier. \u00ab\u00a0Elle \u00e9tait dans les bras de maman, et moi assise \u00e0<br \/>\nl&rsquo;arri\u00e8re de la voiture. <strong>Je ne r\u00eavais que d&rsquo;une chose :<br \/>\n\u00eatre \u00e0 sa place<\/strong>. C&rsquo;\u00e9tait \u00e9norme, <strong>j&rsquo;\u00e9tais tellement<br \/>\njalouse&#8230;\u00a0\u00bb<\/strong>, avoue celle qui a aujourd\u2019hui 20<br \/>\nans.<\/p>\n<p>\u00ab\u00a0Je l\u2019ai m\u00eame pouss\u00e9e dans l\u2019escalier\u00a0\u00bb,<br \/>\nconfie l\u2019a\u00een\u00e9e<\/p>\n<p>Dans cet entretien accord\u00e9 \u00e0 nos confr\u00e8res, <strong>Jade admet<br \/>\navoir fait les pires coups \u00e0 Joy :<\/strong>\u00a0<strong>\u00ab\u00a0Je<br \/>\nlui tirais les cheveux<\/strong>, je lui criais dans les oreilles,<br \/>\n<strong>je lui volais sa nourriture<\/strong> d\u00e8s que maman avait le<br \/>\ndos tourn\u00e9, <strong>je l&rsquo;ai m\u00eame pouss\u00e9e dans<br \/>\nl\u2019escalier\u00a0\u00bb<\/strong>. En r\u00e9alit\u00e9, l\u2019amour entre les deux s\u0153urs<br \/>\nne s\u2019est pas manifest\u00e9 tout de suite : <strong>\u00ab\u00a0J\u2019ai mis du<br \/>\ntemps avant de l&rsquo;aimer<\/strong>, mais maintenant je suis si<br \/>\nheureuse qu&rsquo;elle soit l\u00e0\u00a0\u00bb.<\/p>\n<p>Une jalousie finalement pas si rare dans les fratries.<br \/>\nHeureusement, Joy n\u2019en a pas tenu rigueur \u00e0 sa grande s\u0153ur. \u00ab\u00a0Ce<br \/>\nn&rsquo;est pas grave, <strong>je m&rsquo;en suis \u00e0 peine rendu<br \/>\ncompte\u2026<\/strong> M\u00eame si mon premier souvenir, c&rsquo;est elle en train<br \/>\nde secouer mon berceau pour me r\u00e9veiller\u00a0\u00bb, confie la cadette<br \/>\navec humour. Mieux encore, cette derni\u00e8re avait adress\u00e9 <strong>un<br \/>\ntendre message \u00e0 Jade pour ses 19 ans<\/strong> : <strong>\u00ab\u00a0Je ne<br \/>\nsais pas ce que je ferai sans toi<\/strong>, ma base. <strong>Je<br \/>\nt&rsquo;aime de tout mon c\u0153ur<\/strong>. J&rsquo;aime \u00eatre ta petite s\u0153ur et<br \/>\nt&rsquo;avoir comme ma s\u0153ur et meilleure amie\u00a0\u00bb. Preuve que leur lien<br \/>\nest ind\u00e9fectible. Cela n&rsquo;est toutefois <a href=\"https:\/\/www.melty.fr\/people\/sans-gene-joy-hallyday-balance-sur-sa-relation-forcee-avec-laura-smet-et-david-2246763.html\" rel=\"nofollow noopener\" target=\"_blank\"><br \/>\npas le cas avec Laura Smet et David Hallyday&#8230;<\/a><\/p>\n","protected":false},"excerpt":{"rendered":"En 2004, la vie de Johnny et Laeticia Hallyday change du tout au tout lorsqu\u2019ils adoptent au Vietnam&hellip;\n","protected":false},"author":2,"featured_media":243190,"comment_status":"","ping_status":"","sticky":false,"template":"","format":"standard","meta":{"footnotes":""},"categories":[8],"tags":[905,58,59,1011,27,8750,3033],"class_list":{"0":"post-243189","1":"post","2":"type-post","3":"status-publish","4":"format-standard","5":"has-post-thumbnail","7":"category-divertissement","8":"tag-a-la-une-melty","9":"tag-divertissement","10":"tag-entertainment","11":"tag-fr","12":"tag-france","13":"tag-jade-hallyday","14":"tag-joy-hallyday"},"share_on_mastodon":{"url":"https:\/\/pubeurope.com\/@fr\/114836255737051571","error":""},"_links":{"self":[{"href":"https:\/\/www.europesays.com\/fr\/wp-json\/wp\/v2\/posts\/243189","targetHints":{"allow":["GET"]}}],"collection":[{"href":"https:\/\/www.europesays.com\/fr\/wp-json\/wp\/v2\/posts"}],"about":[{"href":"https:\/\/www.europesays.com\/fr\/wp-json\/wp\/v2\/types\/post"}],"author":[{"embeddable":true,"href":"https:\/\/www.europesays.com\/fr\/wp-json\/wp\/v2\/users\/2"}],"replies":[{"embeddable":true,"href":"https:\/\/www.europesays.com\/fr\/wp-json\/wp\/v2\/comments?post=243189"}],"version-history":[{"count":0,"href":"https:\/\/www.europesays.com\/fr\/wp-json\/wp\/v2\/posts\/243189\/revisions"}],"wp:featuredmedia":[{"embeddable":true,"href":"https:\/\/www.europesays.com\/fr\/wp-json\/wp\/v2\/media\/243190"}],"wp:attachment":[{"href":"https:\/\/www.europesays.com\/fr\/wp-json\/wp\/v2\/media?parent=243189"}],"wp:term":[{"taxonomy":"category","embeddable":true,"href":"https:\/\/www.europesays.com\/fr\/wp-json\/wp\/v2\/categories?post=243189"},{"taxonomy":"post_tag","embeddable":true,"href":"https:\/\/www.europesays.com\/fr\/wp-json\/wp\/v2\/tags?post=243189"}],"curies":[{"name":"wp","href":"https:\/\/api.w.org\/{rel}","templated":true}]}}