{"id":243193,"date":"2025-07-11T19:30:14","date_gmt":"2025-07-11T19:30:14","guid":{"rendered":"https:\/\/www.europesays.com\/fr\/243193\/"},"modified":"2025-07-11T19:30:14","modified_gmt":"2025-07-11T19:30:14","slug":"droits-de-douane-le-canada-de-nouveau-cible-par-trump-11-07-2025-a-2018","status":"publish","type":"post","link":"https:\/\/www.europesays.com\/fr\/243193\/","title":{"rendered":"Droits de douane: le Canada de nouveau cibl\u00e9 par Trump &#8211; 11\/07\/2025 \u00e0 20:18"},"content":{"rendered":"<p>        <img fetchpriority=\"high\" decoding=\"async\" src=\"https:\/\/www.europesays.com\/fr\/wp-content\/uploads\/2025\/07\/f02dc5dca3238467bc3bcf768f601464-760x507.jpg\" alt=\"Le Premier ministre canadien Mark Carney (G) suit le pr\u00e9sident am\u00e9ricain Donald Trump (D) lors du sommet du G7 \u00e0 Kananaskis (Alberta), au Canada, le 16 juin 2025 ( AFP \/ Brendan SMIALOWSKI )\" loading=\"eager\" width=\"760\" height=\"507\" style=\"max-width: 100%!important; height: auto;\"\/><\/p>\n<p class=\"c-image-news__legend\">Le Premier ministre canadien Mark Carney (G) suit le pr\u00e9sident am\u00e9ricain Donald Trump (D) lors du sommet du G7 \u00e0 Kananaskis (Alberta), au Canada, le 16 juin 2025 ( AFP \/ Brendan SMIALOWSKI )<\/p>\n<p>\n Le pr\u00e9sident am\u00e9ricain Donald Trump a de nouveau cibl\u00e9 jeudi le Canada, en lui imposant 35% de surtaxe, l&rsquo;un des taux les plus \u00e9lev\u00e9s annonc\u00e9s depuis le d\u00e9but de la semaine, reprochant au deuxi\u00e8me partenaire commercial des Etats-Unis d&rsquo;avoir ripost\u00e9 \u00e0 ses droits de douane.\n<\/p>\n<p>\n Dans un courrier adress\u00e9 au Premier ministre canadien, Mark Carney, M. Trump a accus\u00e9 le Canada de ne pas \u00ab\u00a0travailler avec les Etats-Unis\u00a0\u00bb et d&rsquo;avoir \u00ab\u00a0ripost\u00e9 avec ses propres droits de douane\u00a0\u00bb\n<\/p>\n<p>\n Mark Carney a affirm\u00e9 jeudi soir sur X qu'\u00a0\u00bbau cours des n\u00e9gociations commerciales actuelles avec les Etats-Unis, le gouvernement canadien (d\u00e9fendait) sans rel\u00e2che nos travailleurs et nos entreprises\u00a0\u00bb.\n<\/p>\n<p>\n Le pr\u00e9sident am\u00e9ricain a estim\u00e9 vendredi devant la presse que cette hausse avait \u00ab\u00a0\u00e9t\u00e9 plut\u00f4t bien re\u00e7ue\u00a0\u00bb par Ottawa, ajoutant que c&rsquo;est \u00ab\u00a0ce dont nous avons besoin mais nous verrons ce qu&rsquo;il va se passer\u00a0\u00bb.\n<\/p>\n<p>\n Comme pour chaque courrier envoy\u00e9 \u00e0 plus d&rsquo;une vingtaine de pays depuis lundi, le pr\u00e9sident am\u00e9ricain a pr\u00e9cis\u00e9 que ces droits de douane s&rsquo;ajouteront \u00e0 ceux visant des secteurs d&rsquo;activit\u00e9 particuliers, tels l&rsquo;acier, l&rsquo;aluminium ou l&rsquo;automobile, qui sont parmi les principales exportations canadiennes vers les Etats-Unis.\n<\/p>\n<p>\n Une source proche a cependant confirm\u00e9 \u00e0 l&rsquo;AFP qu&rsquo;en l&rsquo;\u00e9tat, cette surtaxe ne s&rsquo;appliquerait pas aux produits entrant aux Etats-Unis dans le cadre de l&rsquo;accord de libre-\u00e9change Canada-Etats-Unis-Mexique (ACEUM), m\u00eame si aucune d\u00e9cision finale n&rsquo;\u00e9tait pour l&rsquo;instant prise.\n<\/p>\n<p>\n Un peu plus t\u00f4t dans la soir\u00e9e, M. Trump a annonc\u00e9 dans un entretien t\u00e9l\u00e9phonique \u00e0 NBC qu&rsquo;il comptait envoyer une missive \u00e0 l&rsquo;Union europ\u00e9enne (UE) \u00ab\u00a0aujourd&rsquo;hui ou demain\u00a0\u00bb.\n<\/p>\n<p>\n \u00ab\u00a0Je discute avec l&rsquo;UE qui correspond, comme vous le savez, \u00e0 plusieurs pays, ainsi qu&rsquo;avec le Canada. Nous devrions les envoyer (les courriers, ndlr) dans les prochaines heures\u00a0\u00bb.\n<\/p>\n<p>\n Autre incertitude: il a assur\u00e9 que les pays qui n&rsquo;ont pas \u00e9t\u00e9 notifi\u00e9s de droits de douane sp\u00e9cifiques se verraient imposer une surtaxe plancher de 15 \u00e0 20%, sans pr\u00e9ciser si cette surtaxe s&rsquo;ajouterait aux droits dits \u00ab\u00a0de base\u00a0\u00bb de 10%, qui visent la plupart des produits entrant aux Etats-Unis depuis avril.\n<\/p>\n<p> &#8211; N\u00e9gociations tendues &#8211;<\/p>\n<p>\n Le Canada a \u00e9t\u00e9, avec le Mexique, la premi\u00e8re cible des droits de douane: M. Trump a accus\u00e9 ses deux voisins de ne pas lutter suffisamment contre l&rsquo;immigration ill\u00e9gale ou encore le trafic de fentanyl, puissant opio\u00efde responsable d&rsquo;une grave crise sanitaire aux Etats-Unis. Les autorit\u00e9s canadiennes soulignent que moins de 1% du fentanyl entrant aux Etats-Unis vient du Canada.\n<\/p>\n<p>\n Le pr\u00e9sident am\u00e9ricain a impos\u00e9 25% sur les produits import\u00e9s depuis les deux pays, avant d&rsquo;en suspendre une bonne part.\n<\/p>\n<p>        <img decoding=\"async\" src=\"https:\/\/www.europesays.com\/fr\/wp-content\/uploads\/2025\/07\/24005cf589ededcfa61bbcb54f3a7b4a-760x507.jpg\" alt=\"Le pr\u00e9sident am\u00e9ricain Donald Trump (d) s'adresse \u00e0 la presse au c\u00f4t\u00e9 du Premier ministre canadien Mark Carney lors du sommet du G7 au Pomeroy Kananaskis Mountain Lodge \u00e0 Kananaskis, au Canada, le 16 juin 2025 ( AFP \/ Brendan SMIALOWSKI )\" loading=\"eager\" width=\"760\" height=\"507\" style=\"max-width: 100%!important; height: auto;\"\/><\/p>\n<p class=\"c-image-news__legend\">Le pr\u00e9sident am\u00e9ricain Donald Trump (d) s&rsquo;adresse \u00e0 la presse au c\u00f4t\u00e9 du Premier ministre canadien Mark Carney lors du sommet du G7 au Pomeroy Kananaskis Mountain Lodge \u00e0 Kananaskis, au Canada, le 16 juin 2025 ( AFP \/ Brendan SMIALOWSKI )<\/p>\n<p>\n Depuis, Ottawa et Washington tentent de n\u00e9gocier un accord commercial mais les discussions sont tendues entre les deux partenaires, qui ne veulent pas donner le sentiment de c\u00e9der dans des n\u00e9gociations consid\u00e9r\u00e9es comme des enjeux de souverainet\u00e9.\n<\/p>\n<p>\n Derni\u00e8re \u00e9tape en date, le Canada a annonc\u00e9 fin juin renoncer \u00e0 sa taxe sur les services num\u00e9riques, d\u00e9cid\u00e9e en 2024 et qui devait entrer en vigueur au 1er juillet, apr\u00e8s que M. Trump a rompu les discussions, qualifiant cette taxe de \u00ab\u00a0coup direct et \u00e9vident\u00a0\u00bb port\u00e9 aux Etats-Unis.\n<\/p>\n<p>\n Mais ces tensions commerciales ont un impact sur les \u00e9changes entre les deux pays. La part des Etats-Unis dans les exportations canadiennes est pass\u00e9e en mai \u00e0 68,3%, \u00ab\u00a0l&rsquo;une des proportions les plus faibles jamais enregistr\u00e9es\u00a0\u00bb, selon les autorit\u00e9s canadiennes.\n<\/p>\n<p>\n Une vingtaine de pays ont d\u00e9j\u00e0 re\u00e7u un courrier depuis le d\u00e9but de la semaine, principalement des pays asiatiques, avec 25% appliqu\u00e9s aux produits provenant de partenaires tels que le Japon ou la Cor\u00e9e du Sud et jusqu&rsquo;\u00e0 40% pour certains pays d&rsquo;Asie du sud-est.\n<\/p>\n<p>        <img decoding=\"async\" src=\"https:\/\/www.europesays.com\/fr\/wp-content\/uploads\/2025\/07\/88cf36810d2a5ea50376331dc0e6106c-760x441.jpg\" alt=\"Montage photo montrant le pr\u00e9sident br\u00e9silien Lula (g) \u00e0 Brasilia le 29 janvier 2025, et le pr\u00e9sident am\u00e9ricain Donald Trump dans le Bureau ovale de la Maison Blanche, \u00e0 Washington, le 10 f\u00e9vrier 2025 ( AFP \/ EVARISTO SA                   )\" loading=\"eager\" width=\"760\" height=\"441\" style=\"max-width: 100%!important; height: auto;\"\/><\/p>\n<p class=\"c-image-news__legend\">Montage photo montrant le pr\u00e9sident br\u00e9silien Lula (g) \u00e0 Brasilia le 29 janvier 2025, et le pr\u00e9sident am\u00e9ricain Donald Trump dans le Bureau ovale de la Maison Blanche, \u00e0 Washington, le 10 f\u00e9vrier 2025 ( AFP \/ EVARISTO SA                   )<\/p>\n<p>\n C&rsquo;est le Br\u00e9sil, jusqu&rsquo;ici non vis\u00e9 par des surtaxes au-del\u00e0 de 10%, qui a connu la plus forte hausse des droits de douane appliqu\u00e9s \u00e0 ses produits, le pr\u00e9sident am\u00e9ricain annon\u00e7ant 50% en r\u00e9ponse aux poursuites engag\u00e9es contre l&rsquo;ex-pr\u00e9sident Jair Bolsonaro, accus\u00e9 de tentative de coup d&rsquo;Etat.\n<\/p>\n<p>\n Apr\u00e8s un premier report, ces surtaxes individualis\u00e9es devaient commencer \u00e0 \u00eatre collect\u00e9es le 9 juillet, mais M. Trump a sign\u00e9 lundi un d\u00e9cret pour les repousser au 1er ao\u00fbt.\n<\/p>\n<p>\n Apr\u00e8s l&rsquo;acier, l&rsquo;aluminium et l&rsquo;automobile, et alors que des annonces sont attendues pour le bois de construction, les semiconducteurs et les produits pharmaceutiques, le pr\u00e9sident am\u00e9ricain a \u00e9galement annonc\u00e9 mercredi que le cuivre import\u00e9 se verrait appliquer \u00e0 compter du 1er ao\u00fbt une surtaxe de 50%.<\/p>\n","protected":false},"excerpt":{"rendered":"Le Premier ministre canadien Mark Carney (G) suit le pr\u00e9sident am\u00e9ricain Donald Trump (D) lors du sommet du&hellip;\n","protected":false},"author":2,"featured_media":243194,"comment_status":"","ping_status":"","sticky":false,"template":"","format":"standard","meta":{"footnotes":""},"categories":[6],"tags":[400,398,408,35,405,33,34,1011,27,403,402,399,404,401,406,407],"class_list":{"0":"post-243193","1":"post","2":"type-post","3":"status-publish","4":"format-standard","5":"has-post-thumbnail","7":"category-economie","8":"tag-action-cac-40","9":"tag-bourse-de-paris","10":"tag-boursorama","11":"tag-business","12":"tag-cotations","13":"tag-economie","14":"tag-economy","15":"tag-fr","16":"tag-france","17":"tag-indices-devises","18":"tag-investir","19":"tag-investissement","20":"tag-marche-boursier","21":"tag-sicav","22":"tag-trackers","23":"tag-warrants"},"share_on_mastodon":{"url":"https:\/\/pubeurope.com\/@fr\/114836263775587716","error":""},"_links":{"self":[{"href":"https:\/\/www.europesays.com\/fr\/wp-json\/wp\/v2\/posts\/243193","targetHints":{"allow":["GET"]}}],"collection":[{"href":"https:\/\/www.europesays.com\/fr\/wp-json\/wp\/v2\/posts"}],"about":[{"href":"https:\/\/www.europesays.com\/fr\/wp-json\/wp\/v2\/types\/post"}],"author":[{"embeddable":true,"href":"https:\/\/www.europesays.com\/fr\/wp-json\/wp\/v2\/users\/2"}],"replies":[{"embeddable":true,"href":"https:\/\/www.europesays.com\/fr\/wp-json\/wp\/v2\/comments?post=243193"}],"version-history":[{"count":0,"href":"https:\/\/www.europesays.com\/fr\/wp-json\/wp\/v2\/posts\/243193\/revisions"}],"wp:featuredmedia":[{"embeddable":true,"href":"https:\/\/www.europesays.com\/fr\/wp-json\/wp\/v2\/media\/243194"}],"wp:attachment":[{"href":"https:\/\/www.europesays.com\/fr\/wp-json\/wp\/v2\/media?parent=243193"}],"wp:term":[{"taxonomy":"category","embeddable":true,"href":"https:\/\/www.europesays.com\/fr\/wp-json\/wp\/v2\/categories?post=243193"},{"taxonomy":"post_tag","embeddable":true,"href":"https:\/\/www.europesays.com\/fr\/wp-json\/wp\/v2\/tags?post=243193"}],"curies":[{"name":"wp","href":"https:\/\/api.w.org\/{rel}","templated":true}]}}