{"id":243205,"date":"2025-07-11T19:36:26","date_gmt":"2025-07-11T19:36:26","guid":{"rendered":"https:\/\/www.europesays.com\/fr\/243205\/"},"modified":"2025-07-11T19:36:26","modified_gmt":"2025-07-11T19:36:26","slug":"nancy-piscine-et-handicap-des-amenagements-indispensables","status":"publish","type":"post","link":"https:\/\/www.europesays.com\/fr\/243205\/","title":{"rendered":"Nancy. Piscine et handicap\u00a0: des am\u00e9nagements indispensables"},"content":{"rendered":"<p>Prendre maillot et serviettes, acheter un billet, pousser le portillon, se changer, se doucher puis plonger\u00a0: pour le commun des valides, profiter d\u2019une piscine publique est un plaisir vite accessible. Mais pour <a href=\"https:\/\/www.estrepublicain.fr\/magazine-sante\/2025\/06\/27\/handicap-20-ans-apres-la-loi-du-mieux-mais-le-chemin-est-encore-long\" target=\"_blank\" rel=\"noopener\">les personnes en situation de handicap, <\/a> les choses se compliquent si les am\u00e9nagements convenant \u00e0 leur pathologie et \u00e0 leur degr\u00e9 d\u2019autonomie, ne sont pas l\u00e0.<\/p>\n<p>\u00c0 <a href=\"https:\/\/www.estrepublicain.fr\/p\/nancy-thermal\" target=\"_blank\" rel=\"noopener\">Nancy Thermal<\/a>, <a href=\"https:\/\/www.estrepublicain.fr\/culture-loisirs\/2023\/04\/01\/nancy-thermal-a-ouvert-ses-portes-aux-premiers-nageurs-a-8-h30\" target=\"_blank\" rel=\"noopener\">ouvert au printemps 2023 apr\u00e8s des ann\u00e9es de travaux de r\u00e9novation,<\/a> des usagers soulignent ainsi que tout n\u2019est pas encore adapt\u00e9 aux besoins des personnes handicap\u00e9es. Notamment du c\u00f4t\u00e9 de l\u2019espace spa\/wellness et de l\u2019historique piscine ronde, o\u00f9 Chantal Georges se rend r\u00e9guli\u00e8rement pour y accompagner sa fille Sarah, 52 ans et en fauteuil roulant.<\/p>\n<p>\u00ab\u00a0On va tenter\u00a0\u00bb avec le d\u00e9ambulateur<\/p>\n<p>\u00ab\u00a0Pour l\u2019acc\u00e8s au portique d\u2019entr\u00e9e, au niveau inf\u00e9rieur par rapport au hall d\u2019accueil, l\u2019ascenseur est rest\u00e9 en panne des semaines, mais heureusement c\u2019est r\u00e9par\u00e9. Par contre, je trouve que les fauteuils roulants mis notre&#8230;<\/p>\n","protected":false},"excerpt":{"rendered":"Prendre maillot et serviettes, acheter un billet, pousser le portillon, se changer, se doucher puis plonger\u00a0: pour le&hellip;\n","protected":false},"author":2,"featured_media":243206,"comment_status":"","ping_status":"","sticky":false,"template":"","format":"standard","meta":{"footnotes":""},"categories":[9635],"tags":[1111,11,1707,1704,1706,1705,1777,674,1011,27,775,1943,3457,1702,1703,12,25,104],"class_list":{"0":"post-243205","1":"post","2":"type-post","3":"status-publish","4":"format-standard","5":"has-post-thumbnail","7":"category-nancy","8":"tag-actu","9":"tag-actualites","10":"tag-edition-luneville","11":"tag-edition-nancy-et-agglomeration","12":"tag-edition-pont-a-mousson","13":"tag-edition-toul","14":"tag-eu","15":"tag-europe","16":"tag-fr","17":"tag-france","18":"tag-grand-est","19":"tag-handicap","20":"tag-meurthe-et-moselle","21":"tag-nancy","22":"tag-nancy-ville-54b","23":"tag-news","24":"tag-republique-francaise","25":"tag-societe"},"share_on_mastodon":{"url":"https:\/\/pubeurope.com\/@fr\/114836287292400024","error":""},"_links":{"self":[{"href":"https:\/\/www.europesays.com\/fr\/wp-json\/wp\/v2\/posts\/243205","targetHints":{"allow":["GET"]}}],"collection":[{"href":"https:\/\/www.europesays.com\/fr\/wp-json\/wp\/v2\/posts"}],"about":[{"href":"https:\/\/www.europesays.com\/fr\/wp-json\/wp\/v2\/types\/post"}],"author":[{"embeddable":true,"href":"https:\/\/www.europesays.com\/fr\/wp-json\/wp\/v2\/users\/2"}],"replies":[{"embeddable":true,"href":"https:\/\/www.europesays.com\/fr\/wp-json\/wp\/v2\/comments?post=243205"}],"version-history":[{"count":0,"href":"https:\/\/www.europesays.com\/fr\/wp-json\/wp\/v2\/posts\/243205\/revisions"}],"wp:featuredmedia":[{"embeddable":true,"href":"https:\/\/www.europesays.com\/fr\/wp-json\/wp\/v2\/media\/243206"}],"wp:attachment":[{"href":"https:\/\/www.europesays.com\/fr\/wp-json\/wp\/v2\/media?parent=243205"}],"wp:term":[{"taxonomy":"category","embeddable":true,"href":"https:\/\/www.europesays.com\/fr\/wp-json\/wp\/v2\/categories?post=243205"},{"taxonomy":"post_tag","embeddable":true,"href":"https:\/\/www.europesays.com\/fr\/wp-json\/wp\/v2\/tags?post=243205"}],"curies":[{"name":"wp","href":"https:\/\/api.w.org\/{rel}","templated":true}]}}