{"id":243214,"date":"2025-07-11T19:42:08","date_gmt":"2025-07-11T19:42:08","guid":{"rendered":"https:\/\/www.europesays.com\/fr\/243214\/"},"modified":"2025-07-11T19:42:08","modified_gmt":"2025-07-11T19:42:08","slug":"foires-a-tout-vide-greniers-encore-de-nombreux-evenements-ce-week-end-en-seine-maritime","status":"publish","type":"post","link":"https:\/\/www.europesays.com\/fr\/243214\/","title":{"rendered":"Foires \u00e0 tout, vide-greniers&#8230; Encore de nombreux \u00e9v\u00e9nements ce week-end en Seine-Maritime"},"content":{"rendered":"<p>            Par<br \/>\n        <strong><br \/>\n            <a href=\"https:\/\/actu.fr\/auteur\/yann-rivallan\" title=\"Consulter tous les articles de Yann Rivallan\" rel=\"nofollow noopener\" target=\"_blank\">Yann Rivallan<\/a><br \/>\n        <\/strong><\/p>\n<p>        Publi\u00e9 le<\/p>\n<p>            11 juil. 2025 \u00e0 20h50        <\/p>\n<p>Le week-end s\u2019annonce particuli\u00e8rement agr\u00e9able <strong>en Seine-Maritime<\/strong>. Soleil et chaleur sont au programme. Et avec, plusieurs <a href=\"https:\/\/actu.fr\/tag\/foires-a-tout\" rel=\"nofollow noopener\" target=\"_blank\">foires \u00e0 tout<\/a> et vide-greniers dans le d\u00e9partement. L\u2019occasion de sortir faire quelques bonnes affaires si vous avez peur de vous ennuyer. Quels sont les \u00e9v\u00e9nements pr\u00e9vus\u2009? On fait le point pour le <strong>samedi\u00a012 et le dimanche 13\u00a0juillet<\/strong> <strong>2025<\/strong>.<\/p>\n<p>Une seule foire \u00e0 tout le samedi<\/p>\n<p class=\" wall-content\">\u2022 <strong>Saint-\u00c9tienne-du-Rouvray\u2009:<\/strong> foire \u00e0 tout annuelle sur le parvis du parc des Bruy\u00e8res, de 6h \u00e0 18h. Entr\u00e9e gratuite. Entre 100 et 200\u00a0exposants.<\/p>\n<p>De nombreux \u00e9v\u00e9nements dimanche<\/p>\n<p class=\" wall-content\">\u2022 <strong>Aub\u00e9guimont\u2009:<\/strong> vide-greniers \u00e0 la salle des f\u00eates de la ruelle Potage, de 6h \u00e0 19h. Entr\u00e9e gratuite. Moins de 50\u00a0exposants.<\/p>\n<p class=\" wall-content\">\u2022 <strong>Bazinval\u2009:<\/strong> brocante de particuliers au 4 rue de la For\u00eat, de 8h \u00e0 17h30. Entr\u00e9e gratuite. Entre 50 et 100\u00a0exposants.<\/p>\n<p class=\" wall-content\">\u2022 <strong>\u00c9talleville\u2009:<\/strong> foire \u00e0 tout rue des Ch\u00eanes et place des Tilleuls. Entr\u00e9e gratuite. Entre 50 et 100\u00a0exposants.<\/p>\n<p class=\" wall-content\">\u2022<strong> Goderville\u2009:<\/strong> vide-greniers sur le terrain de football rue Gustave-Flaubert, de 7h \u00e0 18h. Entr\u00e9e\u2009: 1\u00a0euro. Entre 100 et 200\u00a0exposants.<\/p>\n<p>Vid\u00e9os : en ce moment sur Actu<\/p>\n<p class=\" wall-content\">\u2022 <strong>Hautot-sur-Mer\u2009:<\/strong> puces sur le front de mer de Pourville-sur-Mer, de 8h30 \u00e0 18h30. Entr\u00e9e gratuite. Entre 200 et 300\u00a0exposants.<\/p>\n<p class=\" wall-content\">\u2022 <strong>Ingouville\u2009:<\/strong> foire \u00e0 tout et march\u00e9 artisanal sur le parking de la salle des f\u00eates, de 8h \u00e0 18h. Entr\u00e9e gratuite. Entre 50 et 100\u00a0exposants.<\/p>\n<p class=\" wall-content\">\u2022 <strong>Le\u00a0Havre\u2009:<\/strong> vide-greniers \u00e0 la salle des f\u00eates de Bl\u00e9ville, de 7h \u00e0 20h. Entr\u00e9e\u2009: 1\u00a0euro. Entre 50 et 100\u00a0exposants.<\/p>\n<p class=\" wall-content\">\u2022 <strong>Le Houlme\u2009:<\/strong> foire \u00e0 tout sur le parking du Leclerc, de 7h \u00e0 18h. Entr\u00e9e gratuite. Entre 50 et 100\u00a0exposants.<\/p>\n<p class=\" wall-content\">\u2022 <strong>Saint-\u00c9tienne-du-Rouvray\u2009:<\/strong> foire \u00e0 tout annuelle sur le parvis du parc des Bruy\u00e8res, de 6h \u00e0 18h. Entr\u00e9e gratuite. Entre 100 et 200\u00a0exposants.<\/p>\n<p class=\" wall-content\">\u2022 <strong>Sassetot-le-Mauconduit\u2009:<\/strong> foire \u00e0 tout sur le terrain de football, de 8h \u00e0 18h. Entr\u00e9e\u2009: 1\u00a0euro. Entre 100 et 200\u00a0exposants.<\/p>\n<p class=\" wall-content\">\u2022 <strong>Sassetot-le-Mauconduit\u2009:<\/strong> vide-greniers aux petites dalles, all\u00e9e de l\u2019Imp\u00e9ratrice, de 8h \u00e0 18h. Entr\u00e9e\u2009: 1\u00a0euro. Entre 50 et 100\u00a0exposants.<\/p>\n<p class=\" wall-content\">\u2022 <strong>Yerville\u2009:<\/strong> foire \u00e0 tout au stade Just-Fontaine, de 7h \u00e0 18h. Entr\u00e9e gratuite. Entre 100 et 200\u00a0exposants.<\/p>\n<p class=\" wall-content\">Suivez toute l\u2019actualit\u00e9 de vos villes et m\u00e9dias favoris en vous inscrivant \u00e0 <a href=\"https:\/\/moncompte.actu.fr\" title=\"D\u00e9couvez Mon Actu\" rel=\"nofollow noopener\" data-trk=\"{&quot;cta&quot;:{&quot;action&quot;:&quot;https:\\\/\\\/moncompte.actu.fr&quot;,&quot;category&quot;:&quot;mon compte&quot;,&quot;from&quot;:&quot;article footer&quot;,&quot;name&quot;:&quot;Mon actu&quot;,&quot;type&quot;:&quot;cta&quot;}}\" target=\"_blank\">Mon Actu<\/a>.<\/p>\n","protected":false},"excerpt":{"rendered":"Par Yann Rivallan Publi\u00e9 le 11 juil. 2025 \u00e0 20h50 Le week-end s\u2019annonce particuli\u00e8rement agr\u00e9able en Seine-Maritime. Soleil&hellip;\n","protected":false},"author":2,"featured_media":243215,"comment_status":"","ping_status":"","sticky":false,"template":"","format":"standard","meta":{"footnotes":""},"categories":[9587],"tags":[1111,11,6961,1777,674,10087,1011,27,1652,12,5161,25,9590,3365],"class_list":{"0":"post-243214","1":"post","2":"type-post","3":"status-publish","4":"format-standard","5":"has-post-thumbnail","7":"category-rouen","8":"tag-actu","9":"tag-actualites","10":"tag-brocante","11":"tag-eu","12":"tag-europe","13":"tag-foires-a-tout","14":"tag-fr","15":"tag-france","16":"tag-loisirs-culture","17":"tag-news","18":"tag-normandie","19":"tag-republique-francaise","20":"tag-rouen","21":"tag-vide-greniers"},"share_on_mastodon":{"url":"https:\/\/pubeurope.com\/@fr\/114836310755313201","error":""},"_links":{"self":[{"href":"https:\/\/www.europesays.com\/fr\/wp-json\/wp\/v2\/posts\/243214","targetHints":{"allow":["GET"]}}],"collection":[{"href":"https:\/\/www.europesays.com\/fr\/wp-json\/wp\/v2\/posts"}],"about":[{"href":"https:\/\/www.europesays.com\/fr\/wp-json\/wp\/v2\/types\/post"}],"author":[{"embeddable":true,"href":"https:\/\/www.europesays.com\/fr\/wp-json\/wp\/v2\/users\/2"}],"replies":[{"embeddable":true,"href":"https:\/\/www.europesays.com\/fr\/wp-json\/wp\/v2\/comments?post=243214"}],"version-history":[{"count":0,"href":"https:\/\/www.europesays.com\/fr\/wp-json\/wp\/v2\/posts\/243214\/revisions"}],"wp:featuredmedia":[{"embeddable":true,"href":"https:\/\/www.europesays.com\/fr\/wp-json\/wp\/v2\/media\/243215"}],"wp:attachment":[{"href":"https:\/\/www.europesays.com\/fr\/wp-json\/wp\/v2\/media?parent=243214"}],"wp:term":[{"taxonomy":"category","embeddable":true,"href":"https:\/\/www.europesays.com\/fr\/wp-json\/wp\/v2\/categories?post=243214"},{"taxonomy":"post_tag","embeddable":true,"href":"https:\/\/www.europesays.com\/fr\/wp-json\/wp\/v2\/tags?post=243214"}],"curies":[{"name":"wp","href":"https:\/\/api.w.org\/{rel}","templated":true}]}}