{"id":243216,"date":"2025-07-11T19:44:15","date_gmt":"2025-07-11T19:44:15","guid":{"rendered":"https:\/\/www.europesays.com\/fr\/243216\/"},"modified":"2025-07-11T19:44:15","modified_gmt":"2025-07-11T19:44:15","slug":"echirolles-le-feu-dartifice-et-le-bal-populaire-cest-ce-dimanche-soir","status":"publish","type":"post","link":"https:\/\/www.europesays.com\/fr\/243216\/","title":{"rendered":"\u00c9chirolles. Le feu d\u2019artifice et le bal populaire, c\u2019est ce dimanche soir"},"content":{"rendered":"<p>Les quatre saisons. C\u2019est le th\u00e8me du <a href=\"https:\/\/www.ledauphine.com\/culture-loisirs\/2024\/07\/14\/isere-echirolles-4-000-personnes-au-feu-d-artifice-avant-un-bal-populaire-reussi\" target=\"_blank\" rel=\"noopener\">feu d\u2019artifice<\/a> qui viendra illuminer le ciel \u00e9chirollois ce dimanche 13\u00a0juillet, \u00e0 la Frange verte. Le rendez-vous est donn\u00e9 \u00e0 partir de 21\u00a0h\u00a030 pour profiter de l\u2019ambiance musicale. Apr\u00e8s le feu d\u2019artifice, tir\u00e9 lorsque la nuit sera tomb\u00e9e, le groupe de musique reprendra sa place sous la halle du vieux village pour un grand bal populaire qui fera danser le public jusqu\u2019\u00e0 1 heure du matin.<\/p>\n<p class=\"note\">Buvette sur place.<\/p>\n","protected":false},"excerpt":{"rendered":"Les quatre saisons. C\u2019est le th\u00e8me du feu d\u2019artifice qui viendra illuminer le ciel \u00e9chirollois ce dimanche 13\u00a0juillet,&hellip;\n","protected":false},"author":2,"featured_media":243217,"comment_status":"","ping_status":"","sticky":false,"template":"","format":"standard","meta":{"footnotes":""},"categories":[9566],"tags":[1111,11,2430,1687,9852,9853,112,1777,674,3326,1011,27,2731,108,12,25],"class_list":{"0":"post-243216","1":"post","2":"type-post","3":"status-publish","4":"format-standard","5":"has-post-thumbnail","7":"category-grenoble","8":"tag-actu","9":"tag-actualites","10":"tag-auvergne-rhone-alpes","11":"tag-culture-loisirs","12":"tag-echirolles","13":"tag-echirolles-bassin","14":"tag-edition-grenoble-agglomeration","15":"tag-eu","16":"tag-europe","17":"tag-fete-locale","18":"tag-fr","19":"tag-france","20":"tag-grenoble","21":"tag-isere","22":"tag-news","23":"tag-republique-francaise"},"share_on_mastodon":{"url":"https:\/\/pubeurope.com\/@fr\/114836318672148650","error":""},"_links":{"self":[{"href":"https:\/\/www.europesays.com\/fr\/wp-json\/wp\/v2\/posts\/243216","targetHints":{"allow":["GET"]}}],"collection":[{"href":"https:\/\/www.europesays.com\/fr\/wp-json\/wp\/v2\/posts"}],"about":[{"href":"https:\/\/www.europesays.com\/fr\/wp-json\/wp\/v2\/types\/post"}],"author":[{"embeddable":true,"href":"https:\/\/www.europesays.com\/fr\/wp-json\/wp\/v2\/users\/2"}],"replies":[{"embeddable":true,"href":"https:\/\/www.europesays.com\/fr\/wp-json\/wp\/v2\/comments?post=243216"}],"version-history":[{"count":0,"href":"https:\/\/www.europesays.com\/fr\/wp-json\/wp\/v2\/posts\/243216\/revisions"}],"wp:featuredmedia":[{"embeddable":true,"href":"https:\/\/www.europesays.com\/fr\/wp-json\/wp\/v2\/media\/243217"}],"wp:attachment":[{"href":"https:\/\/www.europesays.com\/fr\/wp-json\/wp\/v2\/media?parent=243216"}],"wp:term":[{"taxonomy":"category","embeddable":true,"href":"https:\/\/www.europesays.com\/fr\/wp-json\/wp\/v2\/categories?post=243216"},{"taxonomy":"post_tag","embeddable":true,"href":"https:\/\/www.europesays.com\/fr\/wp-json\/wp\/v2\/tags?post=243216"}],"curies":[{"name":"wp","href":"https:\/\/api.w.org\/{rel}","templated":true}]}}