{"id":243220,"date":"2025-07-11T19:46:11","date_gmt":"2025-07-11T19:46:11","guid":{"rendered":"https:\/\/www.europesays.com\/fr\/243220\/"},"modified":"2025-07-11T19:46:11","modified_gmt":"2025-07-11T19:46:11","slug":"pour-les-passionnes-dautomobiles-les-courses-sauvages-abiment-lame-des-rassos","status":"publish","type":"post","link":"https:\/\/www.europesays.com\/fr\/243220\/","title":{"rendered":"pour les passionn\u00e9s d&rsquo;automobiles, les courses sauvages abiment l&rsquo;\u00e2me des rassos"},"content":{"rendered":"<p>            Par<br \/>\n        <strong><br \/>\n            <a href=\"https:\/\/actu.fr\/auteur\/laurene-fertin\" title=\"Consulter tous les articles de Laur\u00e8ne Fertin\" rel=\"nofollow noopener\" target=\"_blank\">Laur\u00e8ne Fertin<\/a><br \/>\n        <\/strong><\/p>\n<p>        Publi\u00e9 le<\/p>\n<p>            11 juil. 2025 \u00e0 20h33        <\/p>\n<p>Drifts, wheeling, runs\u2009: de l\u2019autre c\u00f4t\u00e9 des passionn\u00e9s de l\u2019automobile, <strong>la guerre est d\u00e9clar\u00e9e<\/strong>. Ou du moins, elle est ouverte depuis que <a href=\"https:\/\/actu.fr\/bretagne\/rennes_35238\/video-frissons-adrenaline-immersion-au-coeur-de-la-nuit-dans-des-courses-illegales-de-voitures_62881813.html\" rel=\"nofollow noopener\" target=\"_blank\">les rassemblements ont commenc\u00e9 \u00e0 d\u00e9raper<\/a>. <strong>Damien Le Chevalier,<\/strong> pr\u00e9sident de l\u2019association <a href=\"https:\/\/www.lespilotesbretons.com\/\" rel=\"nofollow noopener\" target=\"_blank\">Les pilotes bretons<\/a>, organise des \u00ab\u2009\u00e9v\u00e9nements automobiles\u2009\u00bb, comme il les appelle, depuis qu\u2019il a cr\u00e9\u00e9 le collectif le 21 janvier 2021. Un terme <strong>plus poliss\u00e9<\/strong>\u2009; en tout cas, moins connot\u00e9 p\u00e9jorativement que \u00ab\u2009rasso\u2009\u00bb ou encore \u00ab\u2009rassemblements\u2009\u00bb qui \u00e9voque selon le jeune homme <strong>les \u00ab\u2009d\u00e9bordements\u2009\u00bb des vendredis soir<\/strong>\u00a0sur les parkings des Burger King et autres Norauto de Saint-Gr\u00e9goire\u2026 Et qui font <strong>mauvais<\/strong>\u00a0<strong>genre<\/strong> quand il s\u2019agit de demander des autorisations aux communes qui sentent les soucis arriver. Car les rassemblements, les \u00ab\u2009vrais\u2009\u00bb, ce ne sont pas les pneus qui fondent sur le bitume ou encore les conducteurs qui \u00ab\u2009fr\u00f4lent les gens\u2009\u00bb dans les all\u00e9es d\u2019un parking. La passion de l\u2019automobile se trouve ailleurs, <strong>exempt de danger.<\/strong><\/p>\n<p class=\"ac-article-content__question wall-content\"><strong class=\"color-primary\">Actu : <\/strong>\u00c0 quoi ressemblaient les premiers \u00e9v\u00e9nements automobiles auxquels vous participiez ?<\/p>\n<p class=\" wall-content\"><strong class=\"color-primary\">Damien Le Chevalier : <\/strong>Il y a quatre ans, les rassemblements se d\u00e9roulaient \u00e0 Saint-Gr\u00e9goire, sur le parking du centre commercial Grand Quartier. Il y avait entre 10 et 20 voitures. C&rsquo;\u00e9tait l&rsquo;association Car Passion 35 qui organisait l&rsquo;\u00e9v\u00e9nement. C&rsquo;\u00e9tait calme.<\/p>\n<p>Ensuite, les \u00e9v\u00e9nements se sont d\u00e9port\u00e9s \u00e0 La M\u00e9zi\u00e8re, au Sous Bock (bar, N.D.L.R). Les vendredis soir, les rassos rassemblaient 10, 15 voitures. Il n&rsquo;y avait aucun d\u00e9bordement, c&rsquo;\u00e9tait nickel. C&rsquo;est l\u00e0 o\u00f9 on allait, les gens discutaient, on se prenait un Burger King \u00e0 c\u00f4t\u00e9, on restait jusqu&rsquo;\u00e0 une heure du matin et il n&rsquo;y avait pas de d\u00e9bordements. <\/p>\n<p class=\"ac-article-content__question wall-content\">Et puis les \u00e9v\u00e9nements ont grossi ?<\/p>\n<p class=\" wall-content\"><strong class=\"color-primary\">DLC : <\/strong>Oui, c&rsquo;\u00e9tait tellement bien que les gens ont commenc\u00e9 \u00e0 en parler autour d&rsquo;eux. \u00c7a fonctionnait avec le bouche-\u00e0-oreille. Il y a eu plus de monde. J&rsquo;y allais juste comme \u00e7a car je venais d&rsquo;arriver \u00e0 Rennes. <\/p>\n<blockquote class=\"ac-article-quote wall-content\">\n<p>Petit \u00e0 petit, c\u2019\u00e9tait 30 voitures et plus\u2026 Et l\u00e0 les d\u00e9bordements sont arriv\u00e9s. C\u2019\u00e9tait de pire en pire : \u00e7a driftait, \u00e7a faisait des runs. C\u2019\u00e9taient des nouveaux qu\u2019on ne connaissait pas qui arrivaient.<\/p>\n<p>    <strong>Damien Le Chevalier<\/strong><br \/>\n        Pr\u00e9sident de l&rsquo;association Les pilotes bretons    <\/p><\/blockquote>\n<p class=\"ac-article-content__question wall-content\">Qui \u00e9taient-ils ?<\/p>\n<p class=\" wall-content\"><strong class=\"color-primary\">DLC : <\/strong>Je ne sais pas. Pour beaucoup, on ne les connaissait pas. Certains venaient juste avec leur 206. Ils ne pouvaient pas drifter donc ils burnaient &#8211; c&rsquo;est-\u00e0-dire qu&rsquo;ils restaient statiques tout en faisant tourner les pneus au sol, d\u00e9gradant le bitume et mais aussi et surtout les pneus, qui risquaient d\u2019exploser au sol. C&rsquo;\u00e9tait pour se faire remarquer. \u00c0 ce stade-l\u00e0, on avait d\u00e9j\u00e0 arr\u00eat\u00e9 d\u2019y aller puisque c\u2019\u00e9tait le bordel (sic). <\/p>\n<p class=\"ac-article-content__question wall-content\">Autrement, cela vous aurait fait mauvaise presse ?<\/p>\n<p class=\" wall-content\"><strong class=\"color-primary\">DLC : <\/strong>Oui, c\u2019est \u00e7a. Notre association commen\u00e7ait \u00e0 \u00eatre connue ; on ne voulait pas s\u2019en m\u00ealer. On a donc d\u00e9cid\u00e9 de s\u2019en \u00e9carter. <\/p>\n<p>Moi, j\u2019avais une voiture qui \u00e9tait stick\u00e9e Martini. Pour le d\u00e9lire, j\u2019ouvrais le capot et je mettais des bouteilles de Martini dedans. C\u2019\u00e9tait ma touche en rapport \u00e0 l\u2019\u00e9poque Alfa Rom\u00e9o qui \u00e9tait sponsoris\u00e9 en Martini en DTM, c\u2019\u00e9tait un clin d\u2019\u0153il. Les gens me reconnaissaient assez vite et me disaient \u201cah, c\u2019est toi !\u201d. Mais petit \u00e0 petit, je ne venais plus. <\/p>\n<p class=\"ac-article-content__question wall-content\">Il s&rsquo;y passait quoi, concr\u00e8tement, sur ces \u00e9v\u00e9nements ?<\/p>\n<p class=\" wall-content\"><strong class=\"color-primary\">DLC : <\/strong>Certains \u00e9taient statiques, d&rsquo;autres \u00e9taient juste l\u00e0 pour faire des runs entre les all\u00e9es. Mais il y avait des enfants, des chiens\u2026 Il y en a qui manquaient de taper les voitures ou encore des personnes sur place. <\/p>\n<p>C\u2019\u00e9tait \u201ccoucou j\u2019existe\u201d : ils arrivaient avec leur Mustang et le but \u00e9tait de faire le plus de bruit pour se faire remarquer. Un jour, on a lu dans les journaux \u00ab\u00a0arr\u00eat\u00e9 pr\u00e9fectoral\u201d \u00e0 Saint-Gr\u00e9goire car il y avait eu des motos du Mans qui \u00e9taient venues avec des pots d\u2019\u00e9chappement \u00e9normes faisant des flammes de 20m de haut. C\u2019\u00e9tait il y a deux ans. On n&rsquo;avait plus le droit de faire des rassemblements quelconques, m\u00eame statiques. M\u00eame un camping-car qui voulait juste se reposer le soir n\u2019avait pas le droit de rester l\u00e0.<\/p>\n<p class=\"ac-article-content__question wall-content\">Comment avez-vous r\u00e9agi face \u00e0 cette interdiction ?\n<\/p>\n<p class=\" wall-content\"><strong class=\"color-primary\">DLC : <\/strong>On a pouss\u00e9 un petit coup de gueule sur les r\u00e9seaux sociaux. Il faut savoir que derri\u00e8re, on \u00e9tait refus\u00e9 des lieux sur le secteur rennais. Les communes nous disaient &lsquo;Oui mais vous allez faire des runs chez nous&rsquo; alors que pas du tout. <\/p>\n<blockquote class=\"ac-article-quote wall-content\">\n<p>Quand je fais les d\u00e9marches maintenant, je ne parle pas de \u00ab\u00a0rassemblement\u00a0\u00bb ni de \u00ab\u00a0rasso\u00a0\u00bb, je parle d\u2019\u00e9v\u00e9nement automobile. C\u2019est juste jouer sur les mots mais \u00e7a facilite la communication avec les mairies et les pr\u00e9fectures. Si on leur met le mot rasso, c\u2019est p\u00e9joratif.\n<\/p>\n<p>    <strong>Damien Le Chevalier<\/strong><br \/>\n        Pr\u00e9sident de l&rsquo;association Les pilotes bretons    <\/p><\/blockquote>\n<p class=\"ac-article-content__question wall-content\">Avez-vous d\u00e9j\u00e0 eu un dialogue avec ceux qui organisent des rassemblements ill\u00e9gaux ?<\/p>\n<p class=\" wall-content\"><strong class=\"color-primary\">DLC : <\/strong>Non, on n\u2019allait pas \u00e0 la confrontation. D\u00e8s qu\u2019il y avait des d\u00e9bordements, sur place, on partait. On savait que la police ou les gendarmes allaient arriver dans peu de temps \u00e0 cause des riverains. Donc on ne perdait m\u00eame pas de temps \u00e0 essayer de discuter, on partait direct. Comme \u00e7a, on n\u2019avait pas de probl\u00e8mes. <\/p>\n<p class=\"ac-article-content__question wall-content\">Vous avez pourtant tous la m\u00eame passion pour les voitures. Qu\u2019est-ce-qui vous diff\u00e9rencie fondamentalement ? <\/p>\n<p class=\" wall-content\"><strong class=\"color-primary\">DLC : <\/strong>Ce qui fait la diff\u00e9rence, surtout, ce sont les autorisations que l&rsquo;on demande \u00e0 la mairie ou \u00e0 la pr\u00e9fecture.<\/p>\n<p>Aujourd\u2019hui, il faut savoir qu&rsquo;on fait des dossiers qui font plusieurs pages et qui montrent tout ce que l\u2019on va proposer comme activit\u00e9s. Par exemple, un stand qui peut comprendre des produits d\u00e9riv\u00e9s de l\u2019association, notre propre buvette &#8211; et rien que pour \u00e7a on est oblig\u00e9 de faire une demande de d\u00e9bit de boissons.<\/p>\n<blockquote class=\"ac-article-quote wall-content\">\n<p>Aujourd\u2019hui, on voit que les gens veulent des activit\u00e9s. On a pass\u00e9 un cap o\u00f9 l\u2019association vieillit, on est dans une routine, les gens savent ce que c\u2019est que Les pilotes bretons, c\u2019est un peu redondant. On essaie de proposer d\u2019autres choses, des activit\u00e9s, des shows diff\u00e9rents notamment avec la venue d\u2019Axel Stunt (le stunt est un ensemble de figures r\u00e9alis\u00e9es avec la roue avant et\/ou la roue arri\u00e8re, N.D.L.R), on a un peu d\u2019adr\u00e9naline, du wheeling, des d\u00e9rapages avec un quad\u2026 C\u2019est un peu de l\u2019ill\u00e9galit\u00e9 de base mais l\u00e0 c\u2019est autoris\u00e9, contr\u00f4l\u00e9 et encadr\u00e9.<\/p>\n<p>    <strong>Damien Le Chevalier<\/strong><br \/>\n        Pr\u00e9sident de l&rsquo;association Les pilotes bretons    <\/p><\/blockquote>\n<p class=\" wall-content\"><a href=\"https:\/\/www.instagram.com\/p\/DLVkzM0MqiA\/embed\" title=\"Ouvrir le lien sur Instagram\" rel=\"nofollow noopener\" target=\"_blank\">Visualiser le contenu sur Instagram<\/a><\/p>\n<p class=\"ac-article-content__question wall-content\">Sous-entendu, des c\u00f4t\u00e9s des rassemblements ill\u00e9gaux, c&rsquo;est plus facile \u00e0 organiser ?<\/p>\n<p class=\" wall-content\"><strong class=\"color-primary\">DLC : <\/strong>Oui, l\u2019organisation de ces rassemblements est facile. \u00c0 Rennes, il existe un compte Instagram qui diffuse les informations par une simple publication, \u00e7a suffit pour que les gens viennent. <\/p>\n<p>Ils se d\u00e9douanent de tout, on ne sait pas qui sont les organisateurs, ils ne se montrent pas\u2026 \u00c7a peut \u00eatre n\u2019importe qui : un jeune de 16 ans comme une personne de 45 ans, on ne sait pas. Du coup, d\u00e8s que les autorit\u00e9s arrivent\u2026 <\/p>\n<p class=\"ac-article-content__question wall-content\">Est-ce-que vous comprenez les raisons pour lesquelles ces rassemblements se font dans l&rsquo;ill\u00e9galit\u00e9 ?<\/p>\n<p class=\" wall-content\"><strong class=\"color-primary\">DLC : <\/strong>Oui, d&rsquo;une certaine mani\u00e8re, car il y a une certaine adr\u00e9naline, un certain plaisir du danger. Mais bon, \u00e7a devient quand un peu extr\u00eame&#8230; <\/p>\n<p>Par exemple, quand les voitures commencent \u00e0 passer vite entre les gens sur le parking. \u00c0 la rigueur, qu\u2019il y en ait un qui traverse la quatre voies \u00e0 fond\u2026 Mais quand on voit des voitures qui passent pr\u00e8s des gens, des enfants&#8230; ok, le conducteur a l\u2019air de contr\u00f4ler mais il suffit d\u2019une flaque d\u2019huile et il encastre dix voitures. <\/p>\n<blockquote class=\"ac-article-quote wall-content\">\n<p>\u00c0 tout moment, on ne sait pas, il peut y avoir un gros caillou, une flaque, un truc et puis ils glissent et ils embo\u00eetent tout le monde. Ceux que je comprends encore moins, c\u2019est ceux qui viennent en tant que visiteurs sur les \u00e9v\u00e9nements du soir : pourquoi ils acceptent \u00e7a ? Ils viennent avec leurs chiens, leurs enfants. Ils sont conscients de ce qu\u2019il se passe, de ce qu\u2019il y a. Du potentiel danger. Ils mettent des personnes et des \u00eatres vivants en danger qui n\u2019ont pas demand\u00e9 \u00e0 \u00eatre l\u00e0.<\/p>\n<p>    <strong>Damien Le Chevalier<\/strong><br \/>\n        Pr\u00e9sident de l&rsquo;association Les pilotes bretons    <\/p><\/blockquote>\n<p class=\"ac-article-content__question wall-content\">Est-ce-que les rassemblements ill\u00e9gaux vous font de l&rsquo;ombre ?<\/p>\n<p class=\" wall-content\"><strong class=\"color-primary\">DLC : <\/strong>Oui, cela nous fait de l\u2019ombre car on est englob\u00e9 dedans. Il n\u2019y a pas que Les pilotes bretons qui sont touch\u00e9s ; toutes les associations automobiles sont impact\u00e9es. <\/p>\n<p>Aujourd\u2019hui, \u00e0 partir du moment o\u00f9 on a trouv\u00e9 une commune qui veut bien nous accepter, on fait tout pour la garder. On va les voir, on leur demande &lsquo;est-ce que vous avez eu des \u00e9chos sur des potentielles g\u00eanes ?&rsquo; Car il peut y avoir des voisins qui se plaignent juste du bruit des voitures, ce qui est normal, parce que \u00e7a ram\u00e8ne beaucoup de monde.<\/p>\n<p class=\"ac-article-content__question wall-content\">Les rassemblements ill\u00e9gaux changent souvent de lieux et de communes. N&rsquo;avez-vous pas peur qu&rsquo;il ne soit plus possible de proposer des \u00e9v\u00e9nements (l\u00e9gaux) \u00e0 l&rsquo;avenir ?\n<\/p>\n<p class=\" wall-content\"><strong class=\"color-primary\">DLC : <\/strong>C\u2019est ce qui va finir par arriver. Pour l&rsquo;exemple, on pr\u00e9parait un \u00e9v\u00e9nement \u00e0 Vern-sur-Seiche. On avait trouv\u00e9 un accord avec le patron du E.Leclerc, avec la mairie \u00e9galement. Et on voit passer sur Instagram une publication indiquant qu&rsquo;un rassemblement ill\u00e9gal allait \u00eatre organis\u00e9 \u00e0 Vern. Or, on comptait y \u00eatre et de mani\u00e8re l\u00e9gale un mois plus tard. <\/p>\n<p>On leur a donc envoy\u00e9 un message pour leur signifier que ce n&rsquo;\u00e9tait pas possible, qu&rsquo;on \u00e9tait pr\u00eat \u00e0 prendre les mesures et d&rsquo;aller les d\u00e9noncer s\u2019il le fallait. Si leur \u00e9v\u00e9nement ne se passe pas bien, s&rsquo;il y a des d\u00e9gradations ou encore un accident\u2026 Le maire, dans sa l\u00e9gitimit\u00e9, peut nous dire \u2018non d\u00e9sol\u00e9, avec ce qu\u2019il s\u2019est pass\u00e9 vendredi, je n\u2019ai pas envie qu\u2019il y ait d\u2019\u00e9v\u00e9nement, j\u2019annule le v\u00f4tre\u2019.<\/p>\n<blockquote class=\"ac-article-quote wall-content\">\n<p>On a pr\u00e9f\u00e9r\u00e9 taper fort d\u2019un coup pour montrer que l\u2019on \u00e9tait pr\u00eat \u00e0 pr\u00e9server notre communaut\u00e9. On n\u2019est pas contre eux mais il ne faut pas qu\u2019ils nous emb\u00eatent sur des lieux o\u00f9 on veut faire des \u00e9v\u00e9nements.<\/p>\n<p>    <strong>Damien Le Chevalier<\/strong><br \/>\n        Pr\u00e9sident de l&rsquo;association Les pilotes bretons    <\/p><\/blockquote>\n<p class=\"ac-article-content__question wall-content\">A contrario, que souhaitez-vous mettre en avant dans vos rassemblements ?<\/p>\n<p class=\" wall-content\"><strong class=\"color-primary\">DLC : <\/strong>Au d\u00e9part, ce qui anime les gens c&rsquo;est de discuter avec d&rsquo;autres de leurs passions communes. Par exemple, d&rsquo;une marque de voiture ou d&rsquo;un mod\u00e8le pr\u00e9cis.  C&rsquo;est aussi de voir des voitures mythiques comme des voitures de film, qui ont marqu\u00e9 l&rsquo;histoire automobile par exemple les v\u00e9hicules de Fast and Furious, Skyline. <\/p>\n<p>Aussi, ce qui nous anime en tant que b\u00e9n\u00e9voles et organisateurs, c\u2019est de recevoir des messages de jeunes de 12, 13 ans qui nous disent \u2018merci pour l\u2019\u00e9v\u00e9nement, j\u2019ai pu voir la voiture de mes r\u00eaves\u2019.<\/p>\n<p>Dans ce cas, l\u00e0, on a tout gagn\u00e9. Il n&rsquo;y a pas meilleure r\u00e9compense.<\/p>\n<p class=\" wall-content\">Suivez toute l\u2019actualit\u00e9 de vos villes et m\u00e9dias favoris en vous inscrivant \u00e0 <a href=\"https:\/\/moncompte.actu.fr\" title=\"D\u00e9couvez Mon Actu\" rel=\"nofollow noopener\" data-trk=\"{&quot;cta&quot;:{&quot;action&quot;:&quot;https:\\\/\\\/moncompte.actu.fr&quot;,&quot;category&quot;:&quot;mon compte&quot;,&quot;from&quot;:&quot;article footer&quot;,&quot;name&quot;:&quot;Mon actu&quot;,&quot;type&quot;:&quot;cta&quot;}}\" target=\"_blank\">Mon Actu<\/a>.<\/p>\n<p>                    <script async src=\"\/\/www.instagram.com\/embed.js\"><\/script><\/p>\n","protected":false},"excerpt":{"rendered":"Par Laur\u00e8ne Fertin Publi\u00e9 le 11 juil. 2025 \u00e0 20h33 Drifts, wheeling, runs\u2009: de l\u2019autre c\u00f4t\u00e9 des passionn\u00e9s&hellip;\n","protected":false},"author":2,"featured_media":243221,"comment_status":"","ping_status":"","sticky":false,"template":"","format":"standard","meta":{"footnotes":""},"categories":[2821],"tags":[1111,11,646,829,1777,674,1011,27,12,584,25,104],"class_list":{"0":"post-243220","1":"post","2":"type-post","3":"status-publish","4":"format-standard","5":"has-post-thumbnail","7":"category-rennes","8":"tag-actu","9":"tag-actualites","10":"tag-automobile","11":"tag-bretagne","12":"tag-eu","13":"tag-europe","14":"tag-fr","15":"tag-france","16":"tag-news","17":"tag-rennes","18":"tag-republique-francaise","19":"tag-societe"},"share_on_mastodon":{"url":"https:\/\/pubeurope.com\/@fr\/114836326589349086","error":""},"_links":{"self":[{"href":"https:\/\/www.europesays.com\/fr\/wp-json\/wp\/v2\/posts\/243220","targetHints":{"allow":["GET"]}}],"collection":[{"href":"https:\/\/www.europesays.com\/fr\/wp-json\/wp\/v2\/posts"}],"about":[{"href":"https:\/\/www.europesays.com\/fr\/wp-json\/wp\/v2\/types\/post"}],"author":[{"embeddable":true,"href":"https:\/\/www.europesays.com\/fr\/wp-json\/wp\/v2\/users\/2"}],"replies":[{"embeddable":true,"href":"https:\/\/www.europesays.com\/fr\/wp-json\/wp\/v2\/comments?post=243220"}],"version-history":[{"count":0,"href":"https:\/\/www.europesays.com\/fr\/wp-json\/wp\/v2\/posts\/243220\/revisions"}],"wp:featuredmedia":[{"embeddable":true,"href":"https:\/\/www.europesays.com\/fr\/wp-json\/wp\/v2\/media\/243221"}],"wp:attachment":[{"href":"https:\/\/www.europesays.com\/fr\/wp-json\/wp\/v2\/media?parent=243220"}],"wp:term":[{"taxonomy":"category","embeddable":true,"href":"https:\/\/www.europesays.com\/fr\/wp-json\/wp\/v2\/categories?post=243220"},{"taxonomy":"post_tag","embeddable":true,"href":"https:\/\/www.europesays.com\/fr\/wp-json\/wp\/v2\/tags?post=243220"}],"curies":[{"name":"wp","href":"https:\/\/api.w.org\/{rel}","templated":true}]}}