{"id":243224,"date":"2025-07-11T19:48:11","date_gmt":"2025-07-11T19:48:11","guid":{"rendered":"https:\/\/www.europesays.com\/fr\/243224\/"},"modified":"2025-07-11T19:48:11","modified_gmt":"2025-07-11T19:48:11","slug":"strasbourg-lamphi-de-garnison-arene-des-derniers-espoirs-des-etudiants-pour-devenir-soignants","status":"publish","type":"post","link":"https:\/\/www.europesays.com\/fr\/243224\/","title":{"rendered":"Strasbourg. \u00ab\u00a0L\u2019amphi de garnison\u00a0\u00bb, ar\u00e8ne des derniers espoirs des \u00e9tudiants pour devenir soignants"},"content":{"rendered":"<p>\u00c0 Strasbourg, sur le parvis de la facult\u00e9 de m\u00e9decine baign\u00e9e de soleil, les premiers cris de joie retentissent. \u00ab\u00a0Elle l\u2019a, ch\u00e9ri, elle l\u2019a\u00a0! On va faire la f\u00eate\u00a0!\u00a0\u00bb, exulte au t\u00e9l\u00e9phone une maman. Il est 10\u00a0h\u00a015 ce vendredi 11\u00a0juillet, des \u00e9tudiants en premi\u00e8re ann\u00e9e de licence \u00ab\u00a0sciences pour la sant\u00e9\u00a0\u00bb sortent au compte-goutte du grand amphith\u00e9\u00e2tre. Emma a un sourire radieux. \u00ab\u00a0J\u2019ai mon premier v\u0153u\u00a0: kin\u00e9\u00a0! Je suis trop contente. J\u2019y croyais plus.\u00a0\u00bb Comme quelques centaines d\u2019autres, elle n\u2019a pas \u00e9t\u00e9 imm\u00e9diatement admise en \u00e9tudes de science \u2013 seuls 10\u00a0%, ceux qui ont brill\u00e9 dans l\u2019ann\u00e9e, le sont. Gr\u00e2ce \u00e0 ses bons r\u00e9sultats, elle a pu passer <a href=\"https:\/\/www.dna.fr\/education\/2025\/06\/15\/ecartes-de-l-oral-de-medecine-ils-demandent-des-explications\" target=\"_blank\" rel=\"noopener\">l&#8230;<\/a><\/p>\n","protected":false},"excerpt":{"rendered":"\u00c0 Strasbourg, sur le parvis de la facult\u00e9 de m\u00e9decine baign\u00e9e de soleil, les premiers cris de joie&hellip;\n","protected":false},"author":2,"featured_media":243225,"comment_status":"","ping_status":"","sticky":false,"template":"","format":"standard","meta":{"footnotes":""},"categories":[2820],"tags":[1111,11,2389,2649,2880,1057,4854,1777,674,107,1011,27,775,12,25,71,4604,640,2879],"class_list":{"0":"post-243224","1":"post","2":"type-post","3":"status-publish","4":"format-standard","5":"has-post-thumbnail","7":"category-strasbourg","8":"tag-actu","9":"tag-actualites","10":"tag-alsace","11":"tag-bas-rhin","12":"tag-edition-strasbourg","13":"tag-education","14":"tag-enseignement-superieur","15":"tag-eu","16":"tag-europe","17":"tag-fil-info","18":"tag-fr","19":"tag-france","20":"tag-grand-est","21":"tag-news","22":"tag-republique-francaise","23":"tag-sante","24":"tag-selection-abonne","25":"tag-strasbourg","26":"tag-strasbourg-ville"},"share_on_mastodon":{"url":"https:\/\/pubeurope.com\/@fr\/114836334507429073","error":""},"_links":{"self":[{"href":"https:\/\/www.europesays.com\/fr\/wp-json\/wp\/v2\/posts\/243224","targetHints":{"allow":["GET"]}}],"collection":[{"href":"https:\/\/www.europesays.com\/fr\/wp-json\/wp\/v2\/posts"}],"about":[{"href":"https:\/\/www.europesays.com\/fr\/wp-json\/wp\/v2\/types\/post"}],"author":[{"embeddable":true,"href":"https:\/\/www.europesays.com\/fr\/wp-json\/wp\/v2\/users\/2"}],"replies":[{"embeddable":true,"href":"https:\/\/www.europesays.com\/fr\/wp-json\/wp\/v2\/comments?post=243224"}],"version-history":[{"count":0,"href":"https:\/\/www.europesays.com\/fr\/wp-json\/wp\/v2\/posts\/243224\/revisions"}],"wp:featuredmedia":[{"embeddable":true,"href":"https:\/\/www.europesays.com\/fr\/wp-json\/wp\/v2\/media\/243225"}],"wp:attachment":[{"href":"https:\/\/www.europesays.com\/fr\/wp-json\/wp\/v2\/media?parent=243224"}],"wp:term":[{"taxonomy":"category","embeddable":true,"href":"https:\/\/www.europesays.com\/fr\/wp-json\/wp\/v2\/categories?post=243224"},{"taxonomy":"post_tag","embeddable":true,"href":"https:\/\/www.europesays.com\/fr\/wp-json\/wp\/v2\/tags?post=243224"}],"curies":[{"name":"wp","href":"https:\/\/api.w.org\/{rel}","templated":true}]}}