{"id":243251,"date":"2025-07-11T20:02:13","date_gmt":"2025-07-11T20:02:13","guid":{"rendered":"https:\/\/www.europesays.com\/fr\/243251\/"},"modified":"2025-07-11T20:02:13","modified_gmt":"2025-07-11T20:02:13","slug":"lyon-elle-accuse-des-agents-tcl-de-ne-pas-aider-un-homme-ensanglante-a-peine-croyable","status":"publish","type":"post","link":"https:\/\/www.europesays.com\/fr\/243251\/","title":{"rendered":"Lyon. Elle accuse des agents TCL de ne pas aider un homme ensanglant\u00e9 : \u00ab\u00a0A peine croyable\u00a0\u00bb"},"content":{"rendered":"<p>            Par<br \/>\n        <strong><br \/>\n            <a href=\"https:\/\/actu.fr\/auteur\/theophile-blondet\" title=\"Consulter tous les articles de Theophile Blondet\" target=\"_blank\" rel=\"noopener\">Theophile Blondet<\/a><br \/>\n        <\/strong><\/p>\n<p>        Publi\u00e9 le<\/p>\n<p>            11 juil. 2025 \u00e0 17h20        <\/p>\n<p>Mercredi 9\u00a0juillet, 23h30, secteur de Charpennes, \u00e0 la fronti\u00e8re entre <a href=\"https:\/\/actu.fr\/lyon\/\" target=\"_blank\" rel=\"noopener\">Lyon<\/a> et Villeurbanne. Celle que nous appellerons Val\u00e9rie<strong>*<\/strong> sort d\u2019une journ\u00e9e de travail \u00e9reintante et compte bien rentrer chez elle rapidement pour se reposer, \u00e0 V\u00e9nissieux.<br \/>Alors qu\u2019elle monte sur le quai du tramway TCL, elle se rend compte qu\u2019un homme, visiblement \u00e2g\u00e9, est allong\u00e9 par terre, ensanglant\u00e9. \u00ab\u2009Je ne savais pas s\u2019il dormait ou s\u2019il \u00e9tait inconscient, voire mort. Il avait un bout de l\u2019oreille coup\u00e9 et le sang coulait sur son visage\u2009\u00bb, confie la femme d\u2019une quarantaine d\u2019ann\u00e9es. <br \/>Elle accuse des agents de n\u2019avoir rien fait.<\/p>\n<p>\u00ab\u00a0La majorit\u00e9 n\u2019en avait que faire\u00a0\u00bb<\/p>\n<p class=\" wall-content\">En effet, ce qui la surprend le plus, c\u2019est l\u2019indiff\u00e9rence totale des gens autour d\u2019elle. \u00ab\u2009C\u2019\u00e9tait \u00e0 peine croyable\u2009\u00bb, explique-t-elle. \u00ab\u2009J\u2019ai tent\u00e9 d\u2019appeler des gens autour, mais la majorit\u00e9 n\u2019en avait que faire.\u2009\u00bb<\/p>\n<p class=\" wall-content\">Elle a ensuite demand\u00e9 ce qui est arriv\u00e9 au vieil homme \u00e0 des personnes pr\u00e9sentes sur place. \u00ab\u2009On m\u2019a dit que c\u2019\u00e9tait un <a href=\"https:\/\/actu.fr\/auvergne-rhone-alpes\/lyon_69123\/lyon-plus-de-3-000-sdf-dans-les-rues-du-jamais-vu-l-alerte-rouge-du-samu-social_61826657.html\" target=\"_blank\" rel=\"noopener\">SDF<\/a> et qu\u2019une rixe avait \u00e9clat\u00e9 quelques m\u00e8tres plus loin\u2009\u00bb.<\/p>\n<p>\u00ab\u2009L\u00e0, j\u2019ai \u00e9t\u00e9 bouche b\u00e9e\u2009\u00bb<\/p>\n<p class=\" wall-content\">Afin de venir en aide \u00e0 la victime, elle contacte imm\u00e9diatement les pompiers, \u00e0 qui elle d\u00e9crit la situation. Mais probl\u00e8me. Son tram arrive et elle ne peut pas le rater pour des raisons \u00e9conomiques. \u00ab\u2009J\u2019ai d\u00e9j\u00e0 manqu\u00e9 mon tram en rentrant du boulot. <strong>J\u2019ai d\u00fb payer un taxi et j\u2019en ai eu pour 30\u00a0euros.<\/strong> Impossible pour moi en ce moment de d\u00e9penser cette somme\u2009\u00bb.<\/p>\n<p class=\" wall-content\">Voyant deux agents TCL sur le quai d\u2019en face, elle d\u00e9cide d\u2019aller les voir et leur demande de contacter les pompiers \u00e0 leur tour. \u00ab\u2009L\u00e0, j\u2019ai \u00e9t\u00e9 bouche b\u00e9e. Ils m\u2019ont dit qu\u2019ils n\u2019allaient pas le faire car ils n\u2019en avaient pas le droit\u2009\u00bb.<\/p>\n<p class=\" wall-content\">Elle fait donc demi-tour, rebrousse chemin et saute dans le tram arriv\u00e9 sur le quai. \u00ab\u2009Je suis rentr\u00e9 dans la rame avec les pompiers au t\u00e9l\u00e9phone qui me disait de rester aupr\u00e8s de la victime mais je ne pouvais pas.\u2009\u00bb<\/p>\n<p>Les TCL d\u00e9mentent la pr\u00e9sence d\u2019agents sur place<\/p>\n<p class=\" wall-content\">Contact\u00e9s par nos soins, les TCL confirment que les pompiers les ont appel\u00e9s. \u00ab\u2009Ils ont contact\u00e9 notre Poste de Commandement S\u00e9curit\u00e9 \u00e0 23\u2009h\u200954, le mercredi 9 juillet, pour signaler une intervention en cours \u00e0 la station de tramway Charpennes concernant un individu allong\u00e9 sur le quai.\u2009\u00bb<\/p>\n<p class=\" wall-content\">Cependant, ils d\u00e9mentent la pr\u00e9sence d\u2019agents TCL sur place. \u00ab\u2009Aucun agent TCL n\u2019\u00e9tait pr\u00e9sent sur les lieux au moment de l\u2019appel\u2009\u00bb, affirment-ils.<\/p>\n<p>Le SDF finalement transport\u00e9 \u00e0 l\u2019h\u00f4pital<\/p>\n<p class=\" wall-content\">De son c\u00f4t\u00e9, la Direction interd\u00e9partementale de <a href=\"https:\/\/actu.fr\/auvergne-rhone-alpes\/lyon_69123\/lyon-un-gigantesque-trafic-entre-lyon-et-l-espagne-demantele-un-gros-poisson-tombe_62899380.html\" target=\"_blank\" rel=\"noopener\">la police nationale<\/a> (DIPN) nous confirme l\u2019intervention de ses services \u00ab\u2009mercredi soir vers 23h30 pour un homme bless\u00e9. Celui-ci aurait re\u00e7u un coup de couteau et son pronostic vital n\u2019est pas engag\u00e9. Il a \u00e9t\u00e9 transport\u00e9 \u00e0 l\u2019h\u00f4pital par les sapeurs-pompiers. Une enqu\u00eate est en cours pour d\u00e9terminer les circonstances et rechercher le ou les auteurs.\u2009\u00bb<\/p>\n<p class=\" wall-content\">Selon nos informations, le SDF a \u00e9t\u00e9 pris en charge par les pompiers ce mercredi soir \u00e0 Charpennes. Bless\u00e9 \u00e0 l\u2019abdomen, il a \u00e9t\u00e9 transport\u00e9 \u00e0 <a href=\"https:\/\/actu.fr\/auvergne-rhone-alpes\/lyon_69123\/lyon-un-patient-des-hcl-meurt-en-se-jetant-dans-le-vide-le-personnel-sous-le-choc_62729464.html\" target=\"_blank\" rel=\"noopener\">l\u2019h\u00f4pital Edouard Herriot.<\/a><\/p>\n<p class=\" wall-content\"><strong>*Pr\u00e9nom modifi\u00e9 pour anonymat<\/strong><\/p>\n<p class=\" wall-content\">Suivez toute l\u2019actualit\u00e9 de vos villes et m\u00e9dias favoris en vous inscrivant \u00e0 <a href=\"https:\/\/moncompte.actu.fr\" title=\"D\u00e9couvez Mon Actu\" rel=\"nofollow noopener\" data-trk=\"{&quot;cta&quot;:{&quot;action&quot;:&quot;https:\\\/\\\/moncompte.actu.fr&quot;,&quot;category&quot;:&quot;mon compte&quot;,&quot;from&quot;:&quot;article footer&quot;,&quot;name&quot;:&quot;Mon actu&quot;,&quot;type&quot;:&quot;cta&quot;}}\" target=\"_blank\">Mon Actu<\/a>.<\/p>\n","protected":false},"excerpt":{"rendered":"Par Theophile Blondet Publi\u00e9 le 11 juil. 2025 \u00e0 17h20 Mercredi 9\u00a0juillet, 23h30, secteur de Charpennes, \u00e0 la&hellip;\n","protected":false},"author":2,"featured_media":243252,"comment_status":"","ping_status":"","sticky":false,"template":"","format":"standard","meta":{"footnotes":""},"categories":[1889],"tags":[1111,11,2430,1777,674,1011,27,2428,12,1072,25,104,240,5787],"class_list":{"0":"post-243251","1":"post","2":"type-post","3":"status-publish","4":"format-standard","5":"has-post-thumbnail","7":"category-lyon","8":"tag-actu","9":"tag-actualites","10":"tag-auvergne-rhone-alpes","11":"tag-eu","12":"tag-europe","13":"tag-fr","14":"tag-france","15":"tag-lyon","16":"tag-news","17":"tag-police","18":"tag-republique-francaise","19":"tag-societe","20":"tag-temoignage","21":"tag-transports-en-commun-lyonnais-tcl"},"share_on_mastodon":{"url":"https:\/\/pubeurope.com\/@fr\/114836390436908484","error":""},"_links":{"self":[{"href":"https:\/\/www.europesays.com\/fr\/wp-json\/wp\/v2\/posts\/243251","targetHints":{"allow":["GET"]}}],"collection":[{"href":"https:\/\/www.europesays.com\/fr\/wp-json\/wp\/v2\/posts"}],"about":[{"href":"https:\/\/www.europesays.com\/fr\/wp-json\/wp\/v2\/types\/post"}],"author":[{"embeddable":true,"href":"https:\/\/www.europesays.com\/fr\/wp-json\/wp\/v2\/users\/2"}],"replies":[{"embeddable":true,"href":"https:\/\/www.europesays.com\/fr\/wp-json\/wp\/v2\/comments?post=243251"}],"version-history":[{"count":0,"href":"https:\/\/www.europesays.com\/fr\/wp-json\/wp\/v2\/posts\/243251\/revisions"}],"wp:featuredmedia":[{"embeddable":true,"href":"https:\/\/www.europesays.com\/fr\/wp-json\/wp\/v2\/media\/243252"}],"wp:attachment":[{"href":"https:\/\/www.europesays.com\/fr\/wp-json\/wp\/v2\/media?parent=243251"}],"wp:term":[{"taxonomy":"category","embeddable":true,"href":"https:\/\/www.europesays.com\/fr\/wp-json\/wp\/v2\/categories?post=243251"},{"taxonomy":"post_tag","embeddable":true,"href":"https:\/\/www.europesays.com\/fr\/wp-json\/wp\/v2\/tags?post=243251"}],"curies":[{"name":"wp","href":"https:\/\/api.w.org\/{rel}","templated":true}]}}