{"id":243257,"date":"2025-07-11T20:05:11","date_gmt":"2025-07-11T20:05:11","guid":{"rendered":"https:\/\/www.europesays.com\/fr\/243257\/"},"modified":"2025-07-11T20:05:11","modified_gmt":"2025-07-11T20:05:11","slug":"cette-ville-des-yvelines-acquiert-un-cabinet-medical-pour-attirer-des-generalistes","status":"publish","type":"post","link":"https:\/\/www.europesays.com\/fr\/243257\/","title":{"rendered":"Cette ville des Yvelines acquiert un cabinet m\u00e9dical pour attirer des g\u00e9n\u00e9ralistes"},"content":{"rendered":"<p>            Par<br \/>\n        <strong><br \/>\n            <a href=\"https:\/\/actu.fr\/auteur\/manon-varaldo\" title=\"Consulter tous les articles de Manon Varaldo\" target=\"_blank\" rel=\"noopener\">Manon Varaldo<\/a><br \/>\n        <\/strong><\/p>\n<p>        Publi\u00e9 le<\/p>\n<p>            11 juil. 2025 \u00e0 19h16        <\/p>\n<p>Face \u00e0 la <a href=\"https:\/\/actu.fr\/tag\/desertification-medicale\" target=\"_blank\" rel=\"noopener\">d\u00e9sertification m\u00e9dicale<\/a> qui touche toute l\u2019\u00cele-de-France, la Ville de <a href=\"https:\/\/actu.fr\/ile-de-france\/voisins-le-bretonneux_78688\" target=\"_blank\" rel=\"noopener\">Voisins-le-Bretonneux<\/a> (Yvelines)<b> avait tent\u00e9<\/b> d\u2019attirer les m\u00e9decins avec une <a href=\"https:\/\/actu.fr\/ile-de-france\/voisins-le-bretonneux_78688\/une-prime-de-5-000-pour-attirer-les-medecins-generalistes-a-voisins-le-bretonneux_56188404.html\" target=\"_blank\" rel=\"noopener\">prime d\u2019installation de 5\u2009000\u00a0euros<\/a>. En vain.<\/p>\n<p class=\" wall-content\">La mairie a alors d\u00e9cid\u00e9 de changer de strat\u00e9gie et\u00a0d\u2019acqu\u00e9rir un cabinet m\u00e9dical, situ\u00e9 au 58, avenue de la Grande-\u00eele, pour <b>390\u2009000\u00a0euros. <\/b>La d\u00e9cision a \u00e9t\u00e9 vot\u00e9e lors du conseil municipal du 30\u00a0juin 2025.<\/p>\n<p class=\" wall-content\">La promesse de vente a \u00e9t\u00e9 sign\u00e9e ce 11\u00a0juillet 2025. La vente devrait \u00eatre effective en septembre. Jusqu\u2019\u00e0 pr\u00e9sent, on ne recensait <b>qu\u2019un seul m\u00e9decin<\/b> dans ce cabinet.<\/p>\n<p>\u00ab\u2009Proposer des loyers comp\u00e9titifs\u2009\u00bb<\/p>\n<blockquote class=\"ac-article-quote wall-content\">\n<p>\u00ab\u2009On investit pour que les Vicinois puissent retrouver un m\u00e9decin g\u00e9n\u00e9raliste. Le but est de proposer des loyers comp\u00e9titifs par rapport \u00e0 ce qui est pratiqu\u00e9 dans les autres maisons de sant\u00e9 communales. Nous avons lanc\u00e9 une annonce sur l\u2019Agence r\u00e9gionale de sant\u00e9 afin de trouver des m\u00e9decins g\u00e9n\u00e9ralistes sans patient\u00e8le\u00a0ou qui acceptent des nouveaux patients.\u2009\u00bb<\/p>\n<p>Alexandra Rosetti, maire de Voisins-le-Bretonneux<\/p><\/blockquote>\n<p>    <img   decoding=\"async\" loading=\"lazy\" class=\"size-large\" src=\"https:\/\/www.europesays.com\/fr\/wp-content\/uploads\/2025\/07\/77313754e07865b313754e0783f313v-960x640.jpg\" alt=\"Une pharmacie se situe \u00e0 c\u00f4t\u00e9 du cabinet m\u00e9dical. Les patients de Voisins-le-Bretonneux (Yvelines) peuvent donc r\u00e9cup\u00e9rer leurs prescriptions apr\u00e8s leur rendez-vous avec un m\u00e9decin g\u00e9n\u00e9raliste.\" width=\"960\" height=\"640\"\/><br \/>\n    Une pharmacie se situe \u00e0 c\u00f4t\u00e9 du cabinet m\u00e9dical. Les patients de Voisins-le-Bretonneux (Yvelines) peuvent donc r\u00e9cup\u00e9rer leurs prescriptions apr\u00e8s leur rendez-vous avec un m\u00e9decin g\u00e9n\u00e9raliste. \u00a9Manon VARALDOVid\u00e9os : en ce moment sur ActuLe cabinet est attenant \u00e0 la pharmacie<\/p>\n<p class=\" wall-content\">Ces nouveaux professionnels de sant\u00e9 permettraient aussi de <b>pallier au futur d\u00e9part \u00e0 la retraite<\/b> des m\u00e9decins \u00e0 Voisins-le-Bretonneux.<\/p>\n<p class=\" wall-content\">La Ville est en cours de r\u00e9daction d\u2019une plaquette pour pr\u00e9senter la commune aux futurs m\u00e9decins g\u00e9n\u00e9ralistes qui pourraient pratiquer ici. Tout est mis en \u0153uvre pour les <b>attirer.<\/b> \u00ab\u2009Nous essayons d\u2019\u00eatre attractifs, et la prime d\u2019installation de 5\u2009000\u00a0euros est maintenue\u2009\u00bb, souligne Alexandra Rosetti.<\/p>\n<p class=\" wall-content\">Enfin, le cabinet m\u00e9dical est attenant \u00e0 la pharmacie. Les patients peuvent donc r\u00e9cup\u00e9rer<b> leurs prescriptions<\/b> apr\u00e8s leur rendez-vous, un plus\u2009!<\/p>\n<p class=\" wall-content\">Suivez toute l\u2019actualit\u00e9 de vos villes et m\u00e9dias favoris en vous inscrivant \u00e0 <a href=\"https:\/\/moncompte.actu.fr\" title=\"D\u00e9couvez Mon Actu\" rel=\"nofollow noopener\" data-trk=\"{&quot;cta&quot;:{&quot;action&quot;:&quot;https:\\\/\\\/moncompte.actu.fr&quot;,&quot;category&quot;:&quot;mon compte&quot;,&quot;from&quot;:&quot;article footer&quot;,&quot;name&quot;:&quot;Mon actu&quot;,&quot;type&quot;:&quot;cta&quot;}}\" target=\"_blank\">Mon Actu<\/a>.<\/p>\n","protected":false},"excerpt":{"rendered":"Par Manon Varaldo Publi\u00e9 le 11 juil. 2025 \u00e0 19h16 Face \u00e0 la d\u00e9sertification m\u00e9dicale qui touche toute&hellip;\n","protected":false},"author":2,"featured_media":243258,"comment_status":"","ping_status":"","sticky":false,"template":"","format":"standard","meta":{"footnotes":""},"categories":[1592],"tags":[1111,11,16029,1777,674,1011,27,662,2673,12,626,25,71,104],"class_list":{"0":"post-243257","1":"post","2":"type-post","3":"status-publish","4":"format-standard","5":"has-post-thumbnail","7":"category-ile-de-france","8":"tag-actu","9":"tag-actualites","10":"tag-desertification-medicale","11":"tag-eu","12":"tag-europe","13":"tag-fr","14":"tag-france","15":"tag-ile-de-france","16":"tag-medecins","17":"tag-news","18":"tag-paris","19":"tag-republique-francaise","20":"tag-sante","21":"tag-societe"},"share_on_mastodon":{"url":"https:\/\/pubeurope.com\/@fr\/114836401233078962","error":""},"_links":{"self":[{"href":"https:\/\/www.europesays.com\/fr\/wp-json\/wp\/v2\/posts\/243257","targetHints":{"allow":["GET"]}}],"collection":[{"href":"https:\/\/www.europesays.com\/fr\/wp-json\/wp\/v2\/posts"}],"about":[{"href":"https:\/\/www.europesays.com\/fr\/wp-json\/wp\/v2\/types\/post"}],"author":[{"embeddable":true,"href":"https:\/\/www.europesays.com\/fr\/wp-json\/wp\/v2\/users\/2"}],"replies":[{"embeddable":true,"href":"https:\/\/www.europesays.com\/fr\/wp-json\/wp\/v2\/comments?post=243257"}],"version-history":[{"count":0,"href":"https:\/\/www.europesays.com\/fr\/wp-json\/wp\/v2\/posts\/243257\/revisions"}],"wp:featuredmedia":[{"embeddable":true,"href":"https:\/\/www.europesays.com\/fr\/wp-json\/wp\/v2\/media\/243258"}],"wp:attachment":[{"href":"https:\/\/www.europesays.com\/fr\/wp-json\/wp\/v2\/media?parent=243257"}],"wp:term":[{"taxonomy":"category","embeddable":true,"href":"https:\/\/www.europesays.com\/fr\/wp-json\/wp\/v2\/categories?post=243257"},{"taxonomy":"post_tag","embeddable":true,"href":"https:\/\/www.europesays.com\/fr\/wp-json\/wp\/v2\/tags?post=243257"}],"curies":[{"name":"wp","href":"https:\/\/api.w.org\/{rel}","templated":true}]}}