{"id":243273,"date":"2025-07-11T20:13:09","date_gmt":"2025-07-11T20:13:09","guid":{"rendered":"https:\/\/www.europesays.com\/fr\/243273\/"},"modified":"2025-07-11T20:13:09","modified_gmt":"2025-07-11T20:13:09","slug":"simon-manley-ambassadeur-britannique-je-suis-un-grand-admirateur-de-lecosysteme-de-la-geneve-internationale","status":"publish","type":"post","link":"https:\/\/www.europesays.com\/fr\/243273\/","title":{"rendered":"Simon Manley, ambassadeur britannique: \u00abJe suis un grand admirateur de l\u2019\u00e9cosyst\u00e8me de la Gen\u00e8ve internationale\u00bb"},"content":{"rendered":"<p>Parmi les diplomates de la Gen\u00e8ve internationale, c\u2019est une voix famili\u00e8re qu\u2019ils n\u2019entendront plus. Ambassadeur britannique et repr\u00e9sentant permanent aupr\u00e8s des Nations unies, Simon Manley ach\u00e8ve son mandat de quatre ans au bout du L\u00e9man. Il a repr\u00e9sent\u00e9 le Royaume-Uni qui, malgr\u00e9 le Brexit, est rest\u00e9 tr\u00e8s actif sur la sc\u00e8ne multilat\u00e9rale genevoise. Avec des enfants dot\u00e9s \u00e9galement de la nationalit\u00e9 suisse, une \u00e9pouse qui a fui l\u2019Espagne de Franco pour grandir \u00e0 Lausanne et s\u2019y former en tant qu\u2019avocate, Simon Manley est visiblement \u00e0 l\u2019aise en Suisse, qu\u2019il quitte avec un brin de nostalgie.<\/p>\n<p><strong>Le Temps: Vous avez pass\u00e9 quatre ans dans la Cit\u00e9 de Calvin comme repr\u00e9sentant permanent aupr\u00e8s des Nations unies. Que retenez-vous de votre plong\u00e9e dans la Gen\u00e8ve internationale?<\/strong><\/p>\n","protected":false},"excerpt":{"rendered":"Parmi les diplomates de la Gen\u00e8ve internationale, c\u2019est une voix famili\u00e8re qu\u2019ils n\u2019entendront plus. Ambassadeur britannique et repr\u00e9sentant&hellip;\n","protected":false},"author":2,"featured_media":243274,"comment_status":"","ping_status":"","sticky":false,"template":"","format":"standard","meta":{"footnotes":""},"categories":[1588],"tags":[11,1777,674,38287,12,301,473,1853,1851,1850,1852],"class_list":{"0":"post-243273","1":"post","2":"type-post","3":"status-publish","4":"format-standard","5":"has-post-thumbnail","7":"category-royaume-uni","8":"tag-actualites","9":"tag-eu","10":"tag-europe","11":"tag-geneve-internationale","12":"tag-news","13":"tag-premium","14":"tag-royaume-uni","15":"tag-royaume-uni-de-grande-bretagne-et-dirlande-du-nord","16":"tag-uk","17":"tag-united-kingdom","18":"tag-united-kingdom-of-great-britain-and-northern-ireland"},"share_on_mastodon":{"url":"https:\/\/pubeurope.com\/@fr\/114836432896900941","error":""},"_links":{"self":[{"href":"https:\/\/www.europesays.com\/fr\/wp-json\/wp\/v2\/posts\/243273","targetHints":{"allow":["GET"]}}],"collection":[{"href":"https:\/\/www.europesays.com\/fr\/wp-json\/wp\/v2\/posts"}],"about":[{"href":"https:\/\/www.europesays.com\/fr\/wp-json\/wp\/v2\/types\/post"}],"author":[{"embeddable":true,"href":"https:\/\/www.europesays.com\/fr\/wp-json\/wp\/v2\/users\/2"}],"replies":[{"embeddable":true,"href":"https:\/\/www.europesays.com\/fr\/wp-json\/wp\/v2\/comments?post=243273"}],"version-history":[{"count":0,"href":"https:\/\/www.europesays.com\/fr\/wp-json\/wp\/v2\/posts\/243273\/revisions"}],"wp:featuredmedia":[{"embeddable":true,"href":"https:\/\/www.europesays.com\/fr\/wp-json\/wp\/v2\/media\/243274"}],"wp:attachment":[{"href":"https:\/\/www.europesays.com\/fr\/wp-json\/wp\/v2\/media?parent=243273"}],"wp:term":[{"taxonomy":"category","embeddable":true,"href":"https:\/\/www.europesays.com\/fr\/wp-json\/wp\/v2\/categories?post=243273"},{"taxonomy":"post_tag","embeddable":true,"href":"https:\/\/www.europesays.com\/fr\/wp-json\/wp\/v2\/tags?post=243273"}],"curies":[{"name":"wp","href":"https:\/\/api.w.org\/{rel}","templated":true}]}}