{"id":243275,"date":"2025-07-11T20:14:15","date_gmt":"2025-07-11T20:14:15","guid":{"rendered":"https:\/\/www.europesays.com\/fr\/243275\/"},"modified":"2025-07-11T20:14:15","modified_gmt":"2025-07-11T20:14:15","slug":"motogp-allemagne-j1-pedro-acosta-ktm-5-lache-une-bombe-ce-nest-pas-le-projet-pour-lequel-jai-signe-le-contrat","status":"publish","type":"post","link":"https:\/\/www.europesays.com\/fr\/243275\/","title":{"rendered":"MotoGP Allemagne J1, Pedro Acosta (KTM\/5) l\u00e2che une bombe\u00a0: \u00ab\u00a0Ce n\u2019est pas le projet pour lequel j\u2019ai sign\u00e9 le contrat\u00a0\u00bb"},"content":{"rendered":"<p><strong><a href=\"https:\/\/www.paddock-gp.com\/parlons-motogp-il-est-lheure-daborder-un-sujet-qui-fache-pedro-acosta-est-il-vraiment-un-crack\/\" target=\"_blank\" rel=\"noopener nofollow\">Pedro Acosta est au c\u0153ur de toutes<br \/>\nles discussions en Allemagne<\/a>. De ce que l\u2019on comprend depuis le<br \/>\nd\u00e9but de saison, le crack espagnol n\u2019est pas particuli\u00e8rement<br \/>\nsatisfait du travail accompli par KTM, et lorgnerait sur le guidon<br \/>\nDucati VR46, \u00e0 tel point que cela lui valut quelques commentaires<br \/>\nacerbes de la part de Fabio Di Giannantonio. Ensuite, il est quand<br \/>\nm\u00eame assez performant, avec de la vitesse \u00e0 Assen et une cinqui\u00e8me<br \/>\nplace ce vendredi, au Sachsenring, ce qui en fait un acteur<br \/>\nd\u2019autant plus important. Plus il ira vite, et plus sa voix portera<br \/>\ndans le paddock, \u00e0 n\u2019en pas douter\u2026<\/strong><\/p>\n<p>Acosta \u00e9tait cinqui\u00e8me de la Practice, ce qui, en soi, est un<br \/>\nexcellent r\u00e9sultat. \u00ab <strong>C\u2019est un peu dommage pour la<br \/>\nchute de ce matin, car c\u2019\u00e9tait une perte de temps inutile, mais la<br \/>\nv\u00e9rit\u00e9 est que l\u2019apr\u00e8s-midi, nous avons beaucoup travaill\u00e9 sur<br \/>\nnotre rythme<\/strong>. J\u2019ai pu rouler seul pour faire des chronos<br \/>\net \u00e7a se passait plut\u00f4t bien. C\u2019est vrai que tout \u00e9tait tr\u00e8s serr\u00e9,<br \/>\nmais bon, je pense que nous \u00e9tions \u00e0 la hauteur pour un vendredi,<br \/>\ncompte tenu de ce que nous avons subi l\u2019an dernier, <strong>donc<br \/>\nnous devons \u00eatre satisfaits<\/strong> \u00bb d\u00e9clarait-il pour<br \/>\n<a href=\"https:\/\/www.motosan.es\/motogp\/\" target=\"_blank\" rel=\"noopener nofollow\"><strong>Motosan<\/strong><\/a>.<\/p>\n<p>\u00a0<\/p>\n<blockquote class=\"twitter-tweet\" data-width=\"550\" data-dnt=\"true\">\n<p lang=\"en\" dir=\"ltr\">The Shark <a href=\"https:\/\/twitter.com\/37_pedroacosta?ref_src=twsrc%5Etfw\" rel=\"nofollow noopener\" target=\"_blank\">@37_pedroacosta<\/a><br \/>\nattacks and goes top \ud83d\udd1d<a href=\"https:\/\/twitter.com\/hashtag\/GermanGP?src=hash&amp;ref_src=twsrc%5Etfw\" rel=\"nofollow noopener\" target=\"_blank\">#GermanGP<\/a><br \/>\n\ud83c\udde9\ud83c\uddea <a href=\"https:\/\/t.co\/66TdQlSLCe\" rel=\"nofollow\">pic.twitter.com\/66TdQlSLCe<\/a><\/p>\n<p>\u2014 MotoGP\u2122\ud83c\udfc1 (@MotoGP) <a href=\"https:\/\/twitter.com\/MotoGP\/status\/1943668988615045304?ref_src=twsrc%5Etfw\" rel=\"nofollow noopener\" target=\"_blank\"><br \/>\nJuly 11, 2025<\/a><\/p>\n<\/blockquote>\n<p>\u00a0<\/p>\n<p>Acosta n\u2019a pas tard\u00e9 \u00e0 parler de sa situation chez KTM, et<br \/>\ndisons qu\u2019il n\u2019a pas pris de pincettes. \u00ab<strong>\u00a0Ces<br \/>\nderni\u00e8res courses, nous avons progress\u00e9<\/strong>. Il faut donc<br \/>\npers\u00e9v\u00e9rer, mais ce n\u2019est pas le projet pour lequel j\u2019ai sign\u00e9 le<br \/>\ncontrat, ce n\u2019est pas comme \u00e7a que je voulais commencer l\u2019ann\u00e9e,<br \/>\n<strong>ce ne sont pas les positions pour lesquelles je voulais me<br \/>\nbattre cette ann\u00e9e, ni toutes ces choses pour lesquelles je voulais<br \/>\nme battre chez KTM. Il faut donc continuer \u00e0 avancer, essayer de<br \/>\nfaire avancer le projet et donner 100 % de ce que nous avons<br \/>\nactuellement\u00a0<\/strong>\u00bb poursuivait-il.<\/p>\n<p>\u00a0<\/p>\n<p><img loading=\"lazy\" decoding=\"async\" aria-describedby=\"caption-attachment-1308404\" class=\"size-full wp-image-1308404\" src=\"https:\/\/www.europesays.com\/fr\/wp-content\/uploads\/2025\/07\/54648191880_4aeab2b4f6_c.jpg\" alt=\"Pedro Acosta Allemagne\" width=\"799\" height=\"533\"  \/><\/p>\n<p id=\"caption-attachment-1308404\" class=\"wp-caption-text\">Photo :<br \/>\nMichelin Motorsport<\/p>\n<p>\u00a0<\/p>\n<p>Pedro doit se forcer \u00e0 adopter un \u00e9tat d\u2019esprit positif, et il<br \/>\nest parfaitement conscient de \u00e7a\u00a0! Il a d\u2019ailleurs r\u00e9v\u00e9l\u00e9<br \/>\ncomment il faisait pour garder la banane, une d\u00e9claration lunaire.<br \/>\n\u00ab<strong>\u00a0Ce matin, j\u2019ai mis de la musique positive en me<br \/>\nr\u00e9veillant et je me suis dit que ce serait une belle<br \/>\njourn\u00e9e<\/strong>. Hier, j\u2019ai regard\u00e9 une vid\u00e9o de Victor Cooper qui<br \/>\nexpliquait qu\u2019il faut \u00eatre positif dans la vie. Aujourd\u2019hui, j\u2019ai<br \/>\n\u00e9t\u00e9 tr\u00e8s positif\u00a0\u00bb concluait-il. \u00c0 l\u2019entendre, difficile<br \/>\nde croire qu\u2019il est seulement dans sa deuxi\u00e8me ann\u00e9e\u2026<\/p>\n<p>Que pensez-vous de sa situation\u00a0? <strong>Dites-le-nous en<br \/>\ncommentaires\u00a0!<\/strong><\/p>\n<p><strong>R\u00e9sultat de la Practice au Grand Prix d\u2019Allemagne MotoGP<br \/>\n2025\u00a0:<\/strong><\/p>\n<p>\u00a0<\/p>\n<p><img loading=\"lazy\" decoding=\"async\" class=\"aligncenter size-full wp-image-1308265\" src=\"https:\/\/www.europesays.com\/fr\/wp-content\/uploads\/2025\/07\/practice.jpg\" alt=\"\" width=\"800\" height=\"899\"  \/><\/p>\n<p>\u00a0<\/p>\n<p>Cr\u00e9dit classement\u00a0: <a href=\"https:\/\/www.motogp.com\/fr\" target=\"_blank\" rel=\"noopener nofollow\">MotoGP.com<\/a><\/p>\n<p>Photo de couverture\u00a0: Michelin Motorsport<\/p>\n<p><script async src=\"https:\/\/platform.twitter.com\/widgets.js\" charset=\"utf-8\"><\/script><\/p>\n","protected":false},"excerpt":{"rendered":"Pedro Acosta est au c\u0153ur de toutes les discussions en Allemagne. De ce que l\u2019on comprend depuis le&hellip;\n","protected":false},"author":2,"featured_media":243276,"comment_status":"","ping_status":"","sticky":false,"template":"","format":"standard","meta":{"footnotes":""},"categories":[1587],"tags":[11,672,1804,1805,1803,1777,674,1801,12,1802],"class_list":{"0":"post-243275","1":"post","2":"type-post","3":"status-publish","4":"format-standard","5":"has-post-thumbnail","7":"category-allemagne","8":"tag-actualites","9":"tag-allemagne","10":"tag-bundesrepublik-deutschland","11":"tag-de","12":"tag-deutschland","13":"tag-eu","14":"tag-europe","15":"tag-germany","16":"tag-news","17":"tag-republique-federale-dallemagne"},"share_on_mastodon":{"url":"https:\/\/pubeurope.com\/@fr\/114836436994737006","error":""},"_links":{"self":[{"href":"https:\/\/www.europesays.com\/fr\/wp-json\/wp\/v2\/posts\/243275","targetHints":{"allow":["GET"]}}],"collection":[{"href":"https:\/\/www.europesays.com\/fr\/wp-json\/wp\/v2\/posts"}],"about":[{"href":"https:\/\/www.europesays.com\/fr\/wp-json\/wp\/v2\/types\/post"}],"author":[{"embeddable":true,"href":"https:\/\/www.europesays.com\/fr\/wp-json\/wp\/v2\/users\/2"}],"replies":[{"embeddable":true,"href":"https:\/\/www.europesays.com\/fr\/wp-json\/wp\/v2\/comments?post=243275"}],"version-history":[{"count":0,"href":"https:\/\/www.europesays.com\/fr\/wp-json\/wp\/v2\/posts\/243275\/revisions"}],"wp:featuredmedia":[{"embeddable":true,"href":"https:\/\/www.europesays.com\/fr\/wp-json\/wp\/v2\/media\/243276"}],"wp:attachment":[{"href":"https:\/\/www.europesays.com\/fr\/wp-json\/wp\/v2\/media?parent=243275"}],"wp:term":[{"taxonomy":"category","embeddable":true,"href":"https:\/\/www.europesays.com\/fr\/wp-json\/wp\/v2\/categories?post=243275"},{"taxonomy":"post_tag","embeddable":true,"href":"https:\/\/www.europesays.com\/fr\/wp-json\/wp\/v2\/tags?post=243275"}],"curies":[{"name":"wp","href":"https:\/\/api.w.org\/{rel}","templated":true}]}}