{"id":243277,"date":"2025-07-11T20:15:10","date_gmt":"2025-07-11T20:15:10","guid":{"rendered":"https:\/\/www.europesays.com\/fr\/243277\/"},"modified":"2025-07-11T20:15:10","modified_gmt":"2025-07-11T20:15:10","slug":"michel-barnier-pour-lue-alliance-ne-veut-pas-dire-allegeance-a-trump","status":"publish","type":"post","link":"https:\/\/www.europesays.com\/fr\/243277\/","title":{"rendered":"Michel Barnier: pour l\u2019UE, alliance ne veut pas dire all\u00e9geance\u2026 \u00e0 Trump"},"content":{"rendered":"<p>\n                                                L\u2019ancien Premier ministre Michel Barnier, ex-commissaire europ\u00e9en, n\u00e9gociateur du Brexit, plusieurs fois ministre, nous livre sa vision d\u2019une Europe sous tension. Il revient sur les grands moments et dossiers \u00e0 l\u2019occasion de la sortie de son livre \u00ab\u00a0Ce que j\u2019ai appris de vous\u00a0\u00bb (Calmann-L\u00e9vy).                    <\/p>\n<p>La date butoir du 9 juillet pour de nouveaux droits de douane am\u00e9ricains sur les produits europ\u00e9ens a \u00e9t\u00e9 repouss\u00e9e au 1er ao\u00fbt, laissant un sursis \u00e0 la Commission europ\u00e9enne pour n\u00e9gocier un accord. Pour Michel Barnier, face \u00e0 un <strong><a target=\"_self\" href=\"https:\/\/www.rfi.fr\/fr\/tag\/donald-trump\/\" rel=\"noopener\">Donald Trump<\/a><\/strong> \u00ab agressif \u00bb il faut la plus grande fermet\u00e9 des Europ\u00e9ens\u00a0: \u00ab\u00a0S&rsquo;il nous attaque, nous r\u00e9pondrons. Ce sera perdant perdant (&#8230;) L\u2019unit\u00e9 ne tombe pas du ciel. Il faut la construire au Conseil des ministres, \u00e0 la Commission. L\u2019importance du march\u00e9 unique est la seule raison pour laquelle, et Monsieur Trump et d&rsquo;ailleurs le pr\u00e9sident chinois nous respectent\u00a0\u00bb.<\/p>\n<p>Michel Barnier consid\u00e8re que les <strong><a target=\"_self\" href=\"https:\/\/www.rfi.fr\/fr\/tag\/\u00e9tats-unis\/\" rel=\"noopener\">\u00c9tats-Unis<\/a><\/strong> sont toujours nos alli\u00e9s. Mais alliance ne veut pas dire all\u00e9geance : \u00ab voil\u00e0 un pr\u00e9sident am\u00e9ricain qui nous agresse commercialement et qui menace de laisser tomber l\u2019<strong><a target=\"_self\" href=\"https:\/\/www.rfi.fr\/fr\/tag\/ukraine\/\" rel=\"noopener\">Ukraine<\/a><\/strong>, un pays non membre de l\u2019UE mais europ\u00e9en qui d\u00e9fend son int\u00e9grit\u00e9. (Mais)\u00a0M. Trump et l\u2019administration actuelle ne seront pas toujours l\u00e0\u00a0\u00bb, et les USA ont \u00e0 long terme, avec l\u2019UE, des int\u00e9r\u00eats strat\u00e9giques partag\u00e9s comme la lutte contre le <strong><a target=\"_self\" href=\"https:\/\/www.rfi.fr\/fr\/tag\/terrorisme\/\" rel=\"noopener\">terrorisme<\/a><\/strong> ou le <strong><a target=\"_self\" href=\"https:\/\/www.rfi.fr\/fr\/tag\/changement-climatique\/\" rel=\"noopener\">r\u00e9chauffement climatique<\/a><\/strong>.\u00a0Face aux mesures de r\u00e9torsion \u00e9conomiques de la <strong><a target=\"_self\" href=\"https:\/\/www.rfi.fr\/fr\/tag\/chine\/\" rel=\"noopener\">Chine<\/a><\/strong>, Michel Barnier refuse l\u2019appellation de guerre commerciale, mais appel \u00e0 la plus grandes des vigilances : \u00ab\u00a0\u00e7a ne peut pas \u00eatre non plus la na\u00efvet\u00e9\u00a0\u00bb. \u00a0<\/p>\n<p>Alors que Londres et Bruxelles renouent un dialogue plus chaleureux, Michel Barnier, ancien n\u00e9gociateur du Brexit appelle \u00e0 de nouvelles avanc\u00e9es, mais dans un cadre clair: \u00ab il n\u2019y aura pas de beurre et l&rsquo;argent du beurre en m\u00eame temps\u00a0\u00bb .\u00a0<\/p>\n<p><strong>Les institutions sous pression<\/strong><\/p>\n<p>La pr\u00e9sidente de la Commission europ\u00e9enne vient d\u2019\u00e9chapper \u00e0 une motion de censure, et il pointe l\u2019\u00e9volution de son institution\u00a0: \u00ab\u00a0il y a de moins en moins de coll\u00e9gialit\u00e9\u00a0et de plus en plus de gestion pr\u00e9sidentielle \u00bb. Concernant la nouvelle enqu\u00eate ouverte contre le Rassemblement national son ancien groupe ID au Parlement, l\u2019ex-Premier ministre ironise : \u00ab l\u2019extr\u00eame droite europ\u00e9enne, qui donne parfois des le\u00e7ons de morale \u00e0 tout le monde, doit respecter la loi \u00bb.\u00a0<\/p>\n<p>L\u2019ancien Premier Ministre juge que \u00ab la France p\u00e8se moins qu\u2019avant en Europe \u00bb.\u00a0Il l\u2019attribue \u00e0 sa dette, son manque de comp\u00e9titivit\u00e9, mais aussi \u00e0 une surr\u00e8glementation nationale et europ\u00e9enne, notamment concernant le Pacte vert\u00a0: \u00ab On ne r\u00e9sout pas la pollution contre les agriculteurs, les entreprises ou les citoyens. Il faut une \u00e9cologie concr\u00e8te, pas id\u00e9ologique.\u00bb Malgr\u00e9 la chute de son gouvernement au bout de trois mois, apr\u00e8s une motion de censure en d\u00e9cembre 2024, Michel Barnier participe \u00ab\u00a0au d\u00e9bat dans ma famille politique dirig\u00e9e par Bruno Retailleau, et j\u2019en suis heureux. Je vais rester pr\u00e9sent dans le d\u00e9bat politique.\u00a0\u00bb<\/p>\n","protected":false},"excerpt":{"rendered":"L\u2019ancien Premier ministre Michel Barnier, ex-commissaire europ\u00e9en, n\u00e9gociateur du Brexit, plusieurs fois ministre, nous livre sa vision d\u2019une&hellip;\n","protected":false},"author":2,"featured_media":243278,"comment_status":"","ping_status":"","sticky":false,"template":"","format":"standard","meta":{"footnotes":""},"categories":[1586],"tags":[11,1777,674,1011,27,7248,27636,12,25,364],"class_list":{"0":"post-243277","1":"post","2":"type-post","3":"status-publish","4":"format-standard","5":"has-post-thumbnail","7":"category-europe","8":"tag-actualites","9":"tag-eu","10":"tag-europe","11":"tag-fr","12":"tag-france","13":"tag-ici-leurope","14":"tag-michel-barnier","15":"tag-news","16":"tag-republique-francaise","17":"tag-union-europeenne"},"share_on_mastodon":{"url":"https:\/\/pubeurope.com\/@fr\/114836440533174689","error":""},"_links":{"self":[{"href":"https:\/\/www.europesays.com\/fr\/wp-json\/wp\/v2\/posts\/243277","targetHints":{"allow":["GET"]}}],"collection":[{"href":"https:\/\/www.europesays.com\/fr\/wp-json\/wp\/v2\/posts"}],"about":[{"href":"https:\/\/www.europesays.com\/fr\/wp-json\/wp\/v2\/types\/post"}],"author":[{"embeddable":true,"href":"https:\/\/www.europesays.com\/fr\/wp-json\/wp\/v2\/users\/2"}],"replies":[{"embeddable":true,"href":"https:\/\/www.europesays.com\/fr\/wp-json\/wp\/v2\/comments?post=243277"}],"version-history":[{"count":0,"href":"https:\/\/www.europesays.com\/fr\/wp-json\/wp\/v2\/posts\/243277\/revisions"}],"wp:featuredmedia":[{"embeddable":true,"href":"https:\/\/www.europesays.com\/fr\/wp-json\/wp\/v2\/media\/243278"}],"wp:attachment":[{"href":"https:\/\/www.europesays.com\/fr\/wp-json\/wp\/v2\/media?parent=243277"}],"wp:term":[{"taxonomy":"category","embeddable":true,"href":"https:\/\/www.europesays.com\/fr\/wp-json\/wp\/v2\/categories?post=243277"},{"taxonomy":"post_tag","embeddable":true,"href":"https:\/\/www.europesays.com\/fr\/wp-json\/wp\/v2\/tags?post=243277"}],"curies":[{"name":"wp","href":"https:\/\/api.w.org\/{rel}","templated":true}]}}