{"id":243304,"date":"2025-07-11T20:30:14","date_gmt":"2025-07-11T20:30:14","guid":{"rendered":"https:\/\/www.europesays.com\/fr\/243304\/"},"modified":"2025-07-11T20:30:14","modified_gmt":"2025-07-11T20:30:14","slug":"fabien-dufour-ouvre-un-nouveau-studio-photo-a-millau","status":"publish","type":"post","link":"https:\/\/www.europesays.com\/fr\/243304\/","title":{"rendered":"Fabien Dufour ouvre un nouveau studio photo \u00e0 Millau"},"content":{"rendered":"<p>Apr\u00e8s trois ann\u00e9es pass\u00e9es dans un studio de 30 m\u00b2, le photographe passionn\u00e9 par son m\u00e9tier, Fabien Dufour s\u2019installe dans un nouvel espace de 75 m\u00b2 \u00e0 Millau.<\/p>\n<p>Ce lieu enti\u00e8rement repens\u00e9 permet d\u2019accueillir ses clients dans des conditions optimales. Particuliers ou professionnels peuvent d\u00e9sormais b\u00e9n\u00e9ficier de s\u00e9ances encore plus confortables et cr\u00e9atives, qu\u2019il s\u2019agisse de portraits, de shootings familiaux ou de projets corporate.<\/p>\n<p><img loading=\"lazy\" decoding=\"async\" width=\"683\" height=\"1024\" src=\"https:\/\/www.europesays.com\/fr\/wp-content\/uploads\/2025\/07\/millau-fabien-dufour-studio-2025-03-683x1024.webp.webp\" alt=\"\" class=\"wp-image-166553\"\/>\u00a9 Fabien Dufour<\/p>\n<p>Fabien Dufour tient \u00e0 remercier toutes les personnes qui l\u2019ont soutenu dans cette \u00e9volution et donne rendez-vous \u00e0 toutes et tous 58 avenue Jean Jaur\u00e8s \u00e0 Millau.<\/p>\n<p><strong>Contact : 06 87 57 09 15 ou\u00a0<a href=\"http:\/\/www.fabien-dufour.com\/\" target=\"_blank\" rel=\"noreferrer noopener nofollow\">www.fabien-dufour.com<\/a>\u00a0\u2022 Suivre sur <a href=\"https:\/\/www.facebook.com\/fabiendufourphotography\/?locale=fr_FR\" rel=\"nofollow noopener\" target=\"_blank\">Facebook<\/a> et <a href=\"https:\/\/www.instagram.com\/fabiendufourphotographe\/?hl=fr\" rel=\"nofollow noopener\" target=\"_blank\">Instagram<\/a>.<\/strong><\/p>\n<p><img loading=\"lazy\" decoding=\"async\" width=\"1024\" height=\"683\" data-id=\"166552\" src=\"https:\/\/www.europesays.com\/fr\/wp-content\/uploads\/2025\/07\/millau-fabien-dufour-studio-2025-04-1024x683.webp\" alt=\"\" class=\"wp-image-166552\"\/>\u00a9 Fabien Dufour<\/p>\n<p><img loading=\"lazy\" decoding=\"async\" width=\"1024\" height=\"683\" data-id=\"166555\" src=\"https:\/\/www.europesays.com\/fr\/wp-content\/uploads\/2025\/07\/millau-fabien-dufour-studio-2025-01-1024x683.webp\" alt=\"\" class=\"wp-image-166555\"\/>\u00a9 Fabien Dufour<\/p>\n<p><script async src=\"\/\/www.instagram.com\/embed.js\"><\/script><\/p>\n","protected":false},"excerpt":{"rendered":"Apr\u00e8s trois ann\u00e9es pass\u00e9es dans un studio de 30 m\u00b2, le photographe passionn\u00e9 par son m\u00e9tier, Fabien Dufour&hellip;\n","protected":false},"author":2,"featured_media":243305,"comment_status":"","ping_status":"","sticky":false,"template":"","format":"standard","meta":{"footnotes":""},"categories":[1358],"tags":[1348,1384,1385,1386,58,59,1011,27],"class_list":{"0":"post-243304","1":"post","2":"type-post","3":"status-publish","4":"format-standard","5":"has-post-thumbnail","7":"category-arts-et-design","8":"tag-arts","9":"tag-arts-and-design","10":"tag-arts-et-design","11":"tag-design","12":"tag-divertissement","13":"tag-entertainment","14":"tag-fr","15":"tag-france"},"share_on_mastodon":{"url":"https:\/\/pubeurope.com\/@fr\/114836499728917204","error":""},"_links":{"self":[{"href":"https:\/\/www.europesays.com\/fr\/wp-json\/wp\/v2\/posts\/243304","targetHints":{"allow":["GET"]}}],"collection":[{"href":"https:\/\/www.europesays.com\/fr\/wp-json\/wp\/v2\/posts"}],"about":[{"href":"https:\/\/www.europesays.com\/fr\/wp-json\/wp\/v2\/types\/post"}],"author":[{"embeddable":true,"href":"https:\/\/www.europesays.com\/fr\/wp-json\/wp\/v2\/users\/2"}],"replies":[{"embeddable":true,"href":"https:\/\/www.europesays.com\/fr\/wp-json\/wp\/v2\/comments?post=243304"}],"version-history":[{"count":0,"href":"https:\/\/www.europesays.com\/fr\/wp-json\/wp\/v2\/posts\/243304\/revisions"}],"wp:featuredmedia":[{"embeddable":true,"href":"https:\/\/www.europesays.com\/fr\/wp-json\/wp\/v2\/media\/243305"}],"wp:attachment":[{"href":"https:\/\/www.europesays.com\/fr\/wp-json\/wp\/v2\/media?parent=243304"}],"wp:term":[{"taxonomy":"category","embeddable":true,"href":"https:\/\/www.europesays.com\/fr\/wp-json\/wp\/v2\/categories?post=243304"},{"taxonomy":"post_tag","embeddable":true,"href":"https:\/\/www.europesays.com\/fr\/wp-json\/wp\/v2\/tags?post=243304"}],"curies":[{"name":"wp","href":"https:\/\/api.w.org\/{rel}","templated":true}]}}