{"id":243310,"date":"2025-07-11T20:33:22","date_gmt":"2025-07-11T20:33:22","guid":{"rendered":"https:\/\/www.europesays.com\/fr\/243310\/"},"modified":"2025-07-11T20:33:22","modified_gmt":"2025-07-11T20:33:22","slug":"zaz-se-confie-sur-ses-addictions-dont-elle-a-enfin-reussi-a-se-debarrasser-chaque-fois-que-jarretais-je-reprenais-deux-fois-plus","status":"publish","type":"post","link":"https:\/\/www.europesays.com\/fr\/243310\/","title":{"rendered":"Zaz se confie sur ses addictions, dont elle a enfin r\u00e9ussi \u00e0 se d\u00e9barrasser\u00a0: \u00ab\u00a0Chaque fois que j&rsquo;arr\u00eatais, je reprenais deux fois plus\u00a0\u00bb"},"content":{"rendered":"<p class=\"ap-StoryElement ap-StoryElement--mb js-paywall-target ap-StoryText\">Longtemps enfouies derri\u00e8re son \u00e9nergie d\u00e9bordante et sa voix \u00e9raill\u00e9e, ces habitudes ont pourtant bien failli lui co\u00fbter cher. \u00ab\u00a0J&rsquo;\u00e9tais \u00e0 trois paquets de cigarettes par jour, parce qu&rsquo;\u00e0 chaque fois que j&rsquo;arr\u00eatais, je reprenais deux fois plus. [\u2026] Et avec l&rsquo;alcool, pareil, j&rsquo;avais une capacit\u00e9 \u00e0 encaisser beaucoup\u00a0\u00bb, a confi\u00e9 l&rsquo;artiste au micro du \u00ab\u00a0Club de l&rsquo;\u00e9t\u00e9\u00a0\u00bb.<\/p>\n<p><a href=\"https:\/\/www.parismatch.be\/actualites\/people\/2025\/06\/25\/brad-pitt-revient-sur-ses-annees-aux-alcooliques-anonymes-apres-sa-separation-avec-angelina-jolie-cetait-une-experience-vraiment-speciale-TTRPX23LINB4LI6PANXQHT6SC4\/\" target=\"_blank\" rel=\"noopener noreferrer\" class=\"ap-StoryInterstitialLink ap-StoryElement ap-StoryElement--mb\">Brad Pitt revient sur ses ann\u00e9es aux \u00ab\u00a0Alcooliques anonymes\u00a0\u00bb, apr\u00e8s sa s\u00e9paration avec Angelina Jolie : \u00ab\u00a0C&rsquo;\u00e9tait une exp\u00e9rience vraiment sp\u00e9ciale\u00a0\u00bb<\/a><\/p>\n<p class=\"ap-StoryElement ap-StoryElement--mb ap-StoryText\">Mais un jour, Zaz a d\u00e9cid\u00e9 de reprendre le contr\u00f4le. Elle se lance dans un je\u00fbne de trois jours, et depuis, plus une goutte, plus une clope. \u00ab\u00a0J&rsquo;avais besoin de me conna\u00eetre sans \u00e7a. Sauf que quand c&rsquo;est devenu ton identit\u00e9, que tu t&rsquo;es construite dessus, c&rsquo;est tr\u00e8s difficile.\u00a0\u00bb Aujourd&rsquo;hui, cela fait cinq ans que la chanteuse vit sobre, et qu&rsquo;elle en parle sans tabou avec une fiert\u00e9 discr\u00e8te, celle de ceux qui ont enfin remport\u00e9 ce grand combat.<\/p>\n<p>La musique comme t\u00e9moignage<\/p>\n<p class=\"ap-StoryElement ap-StoryElement--mb ap-StoryText\">Un combat qu&rsquo;elle raconte aussi en musique, notamment dans la chanson \u00ab\u00a0Au pays des merveilles\u00a0\u00bb, pr\u00e9sente sur son nouvel album. Un titre, qui aurait m\u00eame pu donner son nom \u00e0 l&rsquo;opus. \u00ab\u00a0Mais que le ton de cette chanson soit l&rsquo;album, ce n&rsquo;\u00e9tait pas bon. Parce que j&rsquo;ai r\u00e9ussi \u00e0 affronter pas mal de peurs, j&rsquo;ai \u00e9t\u00e9 courageuse. Et c&rsquo;est \u00e7a qui reste\u00a0\u00bb, affirme Zaz, apais\u00e9e.<\/p>\n<p><a href=\"https:\/\/www.parismatch.be\/actualites\/people\/2025\/04\/30\/muriel-robin-se-confie-sur-ses-problemes-daddiction-a-lalcool-pas-normal-douvrir-du-champagne-presque-tous-les-soirs-DZXUMHLEF5E5RCXTPQQT7CDBTE\/\" target=\"_blank\" rel=\"noopener noreferrer\" class=\"ap-StoryInterstitialLink ap-StoryElement ap-StoryElement--mb\">Muriel Robin se confie sur ses probl\u00e8mes d&rsquo;addiction \u00e0 l&rsquo;alcool : \u00ab\u00a0Pas normal d&rsquo;ouvrir du champagne presque tous les soirs\u2026\u00a0\u00bb<\/a><\/p>\n<p class=\"ap-StoryElement ap-StoryElement--mb ap-StoryText\">Cet \u00e9quilibre, l&rsquo;artiste le doit aussi \u00e0 sa vie personnelle. Mari\u00e9e depuis 4 ans \u00e0 un homme dont elle tait l&rsquo;identit\u00e9, Zaz go\u00fbte enfin \u00e0 une forme de stabilit\u00e9. Elle partage aujourd&rsquo;hui son quotidien entre musique, <a href=\"https:\/\/www.parismatch.be\/culture\/programmes\/2025\/04\/24\/carnet-rose-a-the-voice-france-une-candidate-donne-naissance-a-une-petite-fille-juste-avant-sa-demi-finale-LFCSFEI44ZFGLLOJMQ6GI77R5U\/\" target=\"_self\" rel=\"noopener\">coaching de \u00ab\u00a0The Voice\u00a0\u00bb<\/a> et vie de famille, notamment avec la fille de son compagnon, Jayna, qu&rsquo;elle consid\u00e8re comme la sienne.<\/p>\n","protected":false},"excerpt":{"rendered":"Longtemps enfouies derri\u00e8re son \u00e9nergie d\u00e9bordante et sa voix \u00e9raill\u00e9e, ces habitudes ont pourtant bien failli lui co\u00fbter&hellip;\n","protected":false},"author":2,"featured_media":243311,"comment_status":"","ping_status":"","sticky":false,"template":"","format":"standard","meta":{"footnotes":""},"categories":[1355],"tags":[6654,5702,58,59,1011,27,1361,873,6582,6706],"class_list":{"0":"post-243310","1":"post","2":"type-post","3":"status-publish","4":"format-standard","5":"has-post-thumbnail","7":"category-musique","8":"tag-addiction","9":"tag-alcool","10":"tag-divertissement","11":"tag-entertainment","12":"tag-fr","13":"tag-france","14":"tag-music","15":"tag-musique","16":"tag-tabac","17":"tag-zaz"},"share_on_mastodon":{"url":"https:\/\/pubeurope.com\/@fr\/114836511403021387","error":""},"_links":{"self":[{"href":"https:\/\/www.europesays.com\/fr\/wp-json\/wp\/v2\/posts\/243310","targetHints":{"allow":["GET"]}}],"collection":[{"href":"https:\/\/www.europesays.com\/fr\/wp-json\/wp\/v2\/posts"}],"about":[{"href":"https:\/\/www.europesays.com\/fr\/wp-json\/wp\/v2\/types\/post"}],"author":[{"embeddable":true,"href":"https:\/\/www.europesays.com\/fr\/wp-json\/wp\/v2\/users\/2"}],"replies":[{"embeddable":true,"href":"https:\/\/www.europesays.com\/fr\/wp-json\/wp\/v2\/comments?post=243310"}],"version-history":[{"count":0,"href":"https:\/\/www.europesays.com\/fr\/wp-json\/wp\/v2\/posts\/243310\/revisions"}],"wp:featuredmedia":[{"embeddable":true,"href":"https:\/\/www.europesays.com\/fr\/wp-json\/wp\/v2\/media\/243311"}],"wp:attachment":[{"href":"https:\/\/www.europesays.com\/fr\/wp-json\/wp\/v2\/media?parent=243310"}],"wp:term":[{"taxonomy":"category","embeddable":true,"href":"https:\/\/www.europesays.com\/fr\/wp-json\/wp\/v2\/categories?post=243310"},{"taxonomy":"post_tag","embeddable":true,"href":"https:\/\/www.europesays.com\/fr\/wp-json\/wp\/v2\/tags?post=243310"}],"curies":[{"name":"wp","href":"https:\/\/api.w.org\/{rel}","templated":true}]}}