{"id":243314,"date":"2025-07-11T20:35:10","date_gmt":"2025-07-11T20:35:10","guid":{"rendered":"https:\/\/www.europesays.com\/fr\/243314\/"},"modified":"2025-07-11T20:35:10","modified_gmt":"2025-07-11T20:35:10","slug":"le-chauffard-percute-de-plein-fouet-la-facade-dune-maison-de-repos-et-tue-deux-pensionnaires-agees-de-80-et-90-ans-les-victimes-etaient-atteintes-de-la-maladie-dalzheimer","status":"publish","type":"post","link":"https:\/\/www.europesays.com\/fr\/243314\/","title":{"rendered":"Le chauffard percute de plein fouet la fa\u00e7ade d\u2019une maison de repos et tue deux pensionnaires\u00a0: \u00e2g\u00e9es de 80 et 90 ans, les victimes \u00e9taient atteintes de la maladie d\u2019Alzheimer"},"content":{"rendered":"<p>\n                                                                La course-poursuite avec la voiture de police n\u2019a pas dur\u00e9 longtemps. Le conducteur a perdu le contr\u00f4le de son v\u00e9hicule. Le bilan est terrible.\n                            <\/p>\n<p>Un terrible drame s\u2019est produit ce mercredi soir, dans le quartier de Witherwack au nord de Sunderland (Angleterre).<\/p>\n<p>Huit bless\u00e9s<\/p>\n<p>Alors qu\u2019elle \u00e9tait prise en chasse par une voiture de police, une BMW lanc\u00e9e \u00e0 toute vitesse a percut\u00e9 de plein fouet la fa\u00e7ade d\u2019une maison de repos. Le bilan est terrible\u00a0: huit personnes ont \u00e9t\u00e9 bless\u00e9es et deux pensionnaires sont d\u00e9c\u00e9d\u00e9es. Il s\u2019agit de deux femmes \u00e2g\u00e9es de 80 et 90 ans.<\/p>\n<p><a href=\"https:\/\/www.dailymail.co.uk\/news\/article-14896777\/women-die-police-chase-care-home-crash.html?ns_mchannel=rss&amp;ns_campaign=1490&amp;ito=social-twitter_mailonline\" target=\"_self\" rel=\"nofollow noopener\">Selon les informations du Daily Mail<\/a>, la voiture a \u00e9t\u00e9 vol\u00e9e quelques instants plus t\u00f4t dans la ville voisine de Newcastle. Ses deux occupants \u2013 deux hommes \u00e2g\u00e9s de 21 ans \u2013 ont \u00e9t\u00e9 arr\u00eat\u00e9s.<\/p>\n<p>La r\u00e9sidence Highcliffe Care House accueille 60 personnes atteintes pour la plupart de la maladie d\u2019Alzheimer. \u00ab\u00a0Les r\u00e9sidents ont \u00e9t\u00e9 transf\u00e9r\u00e9s vers des h\u00e9bergements alternatifs o\u00f9 leurs soins se poursuivent sans interruption\u00a0\u00bb, affirme la direction aupr\u00e8s de nos confr\u00e8res.<\/p>\n<p>Une enqu\u00eate a \u00e9t\u00e9 ouverte afin de d\u00e9terminer les circonstances exactes de cet accident.<\/p>\n","protected":false},"excerpt":{"rendered":"La course-poursuite avec la voiture de police n\u2019a pas dur\u00e9 longtemps. Le conducteur a perdu le contr\u00f4le de&hellip;\n","protected":false},"author":2,"featured_media":243315,"comment_status":"","ping_status":"","sticky":false,"template":"","format":"standard","meta":{"footnotes":""},"categories":[10],"tags":[1011,27,72,71],"class_list":{"0":"post-243314","1":"post","2":"type-post","3":"status-publish","4":"format-standard","5":"has-post-thumbnail","7":"category-sante","8":"tag-fr","9":"tag-france","10":"tag-health","11":"tag-sante"},"share_on_mastodon":{"url":"https:\/\/pubeurope.com\/@fr\/114836519239326131","error":""},"_links":{"self":[{"href":"https:\/\/www.europesays.com\/fr\/wp-json\/wp\/v2\/posts\/243314","targetHints":{"allow":["GET"]}}],"collection":[{"href":"https:\/\/www.europesays.com\/fr\/wp-json\/wp\/v2\/posts"}],"about":[{"href":"https:\/\/www.europesays.com\/fr\/wp-json\/wp\/v2\/types\/post"}],"author":[{"embeddable":true,"href":"https:\/\/www.europesays.com\/fr\/wp-json\/wp\/v2\/users\/2"}],"replies":[{"embeddable":true,"href":"https:\/\/www.europesays.com\/fr\/wp-json\/wp\/v2\/comments?post=243314"}],"version-history":[{"count":0,"href":"https:\/\/www.europesays.com\/fr\/wp-json\/wp\/v2\/posts\/243314\/revisions"}],"wp:featuredmedia":[{"embeddable":true,"href":"https:\/\/www.europesays.com\/fr\/wp-json\/wp\/v2\/media\/243315"}],"wp:attachment":[{"href":"https:\/\/www.europesays.com\/fr\/wp-json\/wp\/v2\/media?parent=243314"}],"wp:term":[{"taxonomy":"category","embeddable":true,"href":"https:\/\/www.europesays.com\/fr\/wp-json\/wp\/v2\/categories?post=243314"},{"taxonomy":"post_tag","embeddable":true,"href":"https:\/\/www.europesays.com\/fr\/wp-json\/wp\/v2\/tags?post=243314"}],"curies":[{"name":"wp","href":"https:\/\/api.w.org\/{rel}","templated":true}]}}