{"id":243326,"date":"2025-07-11T20:41:10","date_gmt":"2025-07-11T20:41:10","guid":{"rendered":"https:\/\/www.europesays.com\/fr\/243326\/"},"modified":"2025-07-11T20:41:10","modified_gmt":"2025-07-11T20:41:10","slug":"nordahl-lelandais-poursuivi-pour-violences-conjugales-devant-son-fils-lors-dun-parloir-2","status":"publish","type":"post","link":"https:\/\/www.europesays.com\/fr\/243326\/","title":{"rendered":"Nordahl Lelandais poursuivi pour violences conjugales devant son fils lors d&rsquo;un parloir"},"content":{"rendered":"<p><a href=\"https:\/\/www.laprovence.com\/article\/faits-divers-justice\/1287586314675514\/nordahl-lelandais-juge-sous-le-nom-de-sa-mere-dans-le-proces-pour-agression-sexuelle-sur-sa-petite-cousine\" target=\"_blank\" rel=\"noopener\">Nordhal Lelandais<\/a> a comparu ce vendredi 11 juillet devant le tribunal correctionnel de Colmar, poursuivi pour des faits de violences conjugales commis le 9 juin devant son fils de 19 mois durant un parloir \u00e0 la maison centrale d&rsquo;Ensisheim o\u00f9 il est d\u00e9tenu \u00e0 la suite des meurtres du caporal Noyer et de la petite Ma\u00eblys.<\/p>\n<p>L&rsquo;homme de 42 ans, qui a d\u00e9sormais pris le nom de jeune fille de sa m\u00e8re, P\u00e9rinet, et purge depuis 2022 une peine de r\u00e9clusion \u00e0 perp\u00e9tuit\u00e9, a sollicit\u00e9 un renvoi pour pr\u00e9parer sa d\u00e9fense. L&rsquo;affaire sera examin\u00e9e le 28 ao\u00fbt. En attendant, le pr\u00e9venu a interdiction d&rsquo;entrer en contact avec sa compagne et son fils.<\/p>\n","protected":false},"excerpt":{"rendered":"Nordhal Lelandais a comparu ce vendredi 11 juillet devant le tribunal correctionnel de Colmar, poursuivi pour des faits&hellip;\n","protected":false},"author":2,"featured_media":243327,"comment_status":"","ping_status":"","sticky":false,"template":"","format":"standard","meta":{"footnotes":""},"categories":[4],"tags":[17,11,1102,12145,13413,274,1011,27,38298,12,38297,471,12332,25,2949],"class_list":{"0":"post-243326","1":"post","2":"type-post","3":"status-publish","4":"format-standard","5":"has-post-thumbnail","7":"category-france","8":"tag-17","9":"tag-actualites","10":"tag-breakingnews","11":"tag-conjugales","12":"tag-devant","13":"tag-faits-divers-justice","14":"tag-fr","15":"tag-france","16":"tag-lelandais","17":"tag-news","18":"tag-nordahl","19":"tag-pour","20":"tag-poursuivi","21":"tag-republique-francaise","22":"tag-violences"},"share_on_mastodon":{"url":"https:\/\/pubeurope.com\/@fr\/114836542848964190","error":""},"_links":{"self":[{"href":"https:\/\/www.europesays.com\/fr\/wp-json\/wp\/v2\/posts\/243326","targetHints":{"allow":["GET"]}}],"collection":[{"href":"https:\/\/www.europesays.com\/fr\/wp-json\/wp\/v2\/posts"}],"about":[{"href":"https:\/\/www.europesays.com\/fr\/wp-json\/wp\/v2\/types\/post"}],"author":[{"embeddable":true,"href":"https:\/\/www.europesays.com\/fr\/wp-json\/wp\/v2\/users\/2"}],"replies":[{"embeddable":true,"href":"https:\/\/www.europesays.com\/fr\/wp-json\/wp\/v2\/comments?post=243326"}],"version-history":[{"count":0,"href":"https:\/\/www.europesays.com\/fr\/wp-json\/wp\/v2\/posts\/243326\/revisions"}],"wp:featuredmedia":[{"embeddable":true,"href":"https:\/\/www.europesays.com\/fr\/wp-json\/wp\/v2\/media\/243327"}],"wp:attachment":[{"href":"https:\/\/www.europesays.com\/fr\/wp-json\/wp\/v2\/media?parent=243326"}],"wp:term":[{"taxonomy":"category","embeddable":true,"href":"https:\/\/www.europesays.com\/fr\/wp-json\/wp\/v2\/categories?post=243326"},{"taxonomy":"post_tag","embeddable":true,"href":"https:\/\/www.europesays.com\/fr\/wp-json\/wp\/v2\/tags?post=243326"}],"curies":[{"name":"wp","href":"https:\/\/api.w.org\/{rel}","templated":true}]}}