{"id":243329,"date":"2025-07-11T20:43:15","date_gmt":"2025-07-11T20:43:15","guid":{"rendered":"https:\/\/www.europesays.com\/fr\/243329\/"},"modified":"2025-07-11T20:43:15","modified_gmt":"2025-07-11T20:43:15","slug":"ca-ne-va-pas-nous-empecher-de-sortir-cet-ete","status":"publish","type":"post","link":"https:\/\/www.europesays.com\/fr\/243329\/","title":{"rendered":"\u00ab\u00a0\u00c7a ne va pas nous emp\u00eacher de sortir cet \u00e9t\u00e9\u00a0\u00bb"},"content":{"rendered":"<p>C\u2019est dans le quartier de Saint-Julien, \u00e0 Saint-Chamond, que deux cas de dengue ont \u00e9t\u00e9 d\u00e9tect\u00e9s ces derni\u00e8res semaines, dont <a href=\"https:\/\/www.leprogres.fr\/sante\/2025\/07\/09\/un-cas-de-dengue-autochtone-detecte-a-saint-chamond-un-nouvelle-demoustication-prevue\" target=\"_blank\" rel=\"nofollow noopener\">un autochtone et c\u2019est une premi\u00e8re dans la r\u00e9gion<\/a>. Transmise par le moustique tigre, cette maladie tropicale peut provoquer de fortes fi\u00e8vres si des sympt\u00f4mes surviennent. Au lendemain de la seconde op\u00e9ration de d\u00e9moustication, les habitants du quartier ne s\u2019alarment pas plus que \u00e7a.<\/p>\n<p>\u00ab\u00a0J\u2019ai achet\u00e9 du r\u00e9pulsif que je mets avant de sortir\u00a0\u00bb<\/p>\n<p>Comme cette dame qui attend ses petits-enfants pour partir en vacances, ce jeudi 10\u00a0juillet\u00a0: \u00ab\u00a0\u00c7a ne m\u2019inqui\u00e8te pas plus que \u00e7a. C\u2019est un seul cas, il n\u2019y en a pas des milliers. J\u2019ai v\u00e9cu \u00e0 Mayotte o\u00f9 il y avait le chikungunya, et \u00e7a&#8230;<\/p>\n","protected":false},"excerpt":{"rendered":"C\u2019est dans le quartier de Saint-Julien, \u00e0 Saint-Chamond, que deux cas de dengue ont \u00e9t\u00e9 d\u00e9tect\u00e9s ces derni\u00e8res&hellip;\n","protected":false},"author":2,"featured_media":243330,"comment_status":"","ping_status":"","sticky":false,"template":"","format":"standard","meta":{"footnotes":""},"categories":[9653],"tags":[1111,11,2430,7539,436,1777,674,107,1011,27,3367,12,5140,25,9669,9670,4001,71],"class_list":{"0":"post-243329","1":"post","2":"type-post","3":"status-publish","4":"format-standard","5":"has-post-thumbnail","7":"category-saint-etienne","8":"tag-actu","9":"tag-actualites","10":"tag-auvergne-rhone-alpes","11":"tag-edition-loire-sud","12":"tag-environnement","13":"tag-eu","14":"tag-europe","15":"tag-fil-info","16":"tag-fr","17":"tag-france","18":"tag-loire","19":"tag-news","20":"tag-rechauffement-climatique","21":"tag-republique-francaise","22":"tag-saint-chamond","23":"tag-saint-chamond-ville","24":"tag-saint-etienne","25":"tag-sante"},"share_on_mastodon":{"url":"https:\/\/pubeurope.com\/@fr\/114836550714223706","error":""},"_links":{"self":[{"href":"https:\/\/www.europesays.com\/fr\/wp-json\/wp\/v2\/posts\/243329","targetHints":{"allow":["GET"]}}],"collection":[{"href":"https:\/\/www.europesays.com\/fr\/wp-json\/wp\/v2\/posts"}],"about":[{"href":"https:\/\/www.europesays.com\/fr\/wp-json\/wp\/v2\/types\/post"}],"author":[{"embeddable":true,"href":"https:\/\/www.europesays.com\/fr\/wp-json\/wp\/v2\/users\/2"}],"replies":[{"embeddable":true,"href":"https:\/\/www.europesays.com\/fr\/wp-json\/wp\/v2\/comments?post=243329"}],"version-history":[{"count":0,"href":"https:\/\/www.europesays.com\/fr\/wp-json\/wp\/v2\/posts\/243329\/revisions"}],"wp:featuredmedia":[{"embeddable":true,"href":"https:\/\/www.europesays.com\/fr\/wp-json\/wp\/v2\/media\/243330"}],"wp:attachment":[{"href":"https:\/\/www.europesays.com\/fr\/wp-json\/wp\/v2\/media?parent=243329"}],"wp:term":[{"taxonomy":"category","embeddable":true,"href":"https:\/\/www.europesays.com\/fr\/wp-json\/wp\/v2\/categories?post=243329"},{"taxonomy":"post_tag","embeddable":true,"href":"https:\/\/www.europesays.com\/fr\/wp-json\/wp\/v2\/tags?post=243329"}],"curies":[{"name":"wp","href":"https:\/\/api.w.org\/{rel}","templated":true}]}}