{"id":24333,"date":"2025-04-14T13:26:10","date_gmt":"2025-04-14T13:26:10","guid":{"rendered":"https:\/\/www.europesays.com\/fr\/24333\/"},"modified":"2025-04-14T13:26:10","modified_gmt":"2025-04-14T13:26:10","slug":"les-fruits-du-gauchisme-sont-murs","status":"publish","type":"post","link":"https:\/\/www.europesays.com\/fr\/24333\/","title":{"rendered":"les fruits du gauchisme sont m\u00fbrs !"},"content":{"rendered":"<p style=\"text-align: justify;\">La Bretagne de l\u2019Ouest a \u00e0 peine eu le temps de se remettre de la <a href=\"https:\/\/www.breizh-info.com\/2025\/04\/13\/245860\/brest-narcoguerilla-a-pontanezen-francois-cuillandre-condamne\/\" target=\"_blank\" rel=\"noopener\">v\u00e9ritable gu\u00e9rilla<\/a> urbaine qui a eu lieu dans le quartier \u00ab sensible \u00bb de Pontanezen \u00e0 Brest dans la nuit du jeudi 10 au vendredi 11 avril que d\u00e9j\u00e0, la Bretagne de l\u2019Est rappelle qu\u2019\u00e0 Rennes aussi, il faut compter avec les quartiers \u00ab populaires \u00bb.<\/p>\n<p style=\"text-align: justify;\">Dans la soir\u00e9e du samedi 12 avril, un homme \u00e2g\u00e9 de 18 ans a \u00e9t\u00e9 bless\u00e9 de deux coups de couteau dans le dos au niveau du centre commercial Italie. Selon le journal Ouest-France, les faits ont eu lieu \u00e0 proximit\u00e9 d\u2019un fast-food, \u00e0 l\u2019int\u00e9rieur duquel la victime s\u2019est r\u00e9fugi\u00e9e apr\u00e8s l\u2019agression. Et avant l\u2019intervention des pompiers et du Smur, qu\u2019ils l\u2019ont finalement transf\u00e9r\u00e9 au CHU de Pontchaillou en urgence absolue.\u00a0Aux derni\u00e8res informations, l\u2019auteur des coups de couteau n\u2019avait toujours pas \u00e9t\u00e9 appr\u00e9hend\u00e9.<\/p>\n<p style=\"text-align: justify;\">La veille, dans la soir\u00e9e du vendredi 11 avril, les secours rennais avaient d\u00e9j\u00e0 d\u00fb intervenir boulevard de Vitr\u00e9 pour des violences au couteau. Il s\u2019agissait cette fois d\u2019une \u00ab soir\u00e9e entre amis \u00bb qui avait d\u00e9g\u00e9n\u00e9r\u00e9. Deux individus fortement alcoolis\u00e9s ont \u00e9t\u00e9 transport\u00e9s au CHU apr\u00e8s avoir re\u00e7u des coups de couteau. L\u2019un \u00e9tait bless\u00e9 au thorax et l\u2019autre au niveau du nez.<\/p>\n<p style=\"text-align: justify;\">Jeudi 10 avril au soir, c\u2019est un retrait\u00e9 \u00e2g\u00e9 de 80 ans qui a \u00e9t\u00e9 la cible d\u2019un car-jacking, un fl\u00e9au qui touche de plus en plus la Bretagne. Les faits se sont d\u00e9roul\u00e9s \u00e0 Betton, commune situ\u00e9e dans l\u2019agglom\u00e9ration rennaise. Les deux malfaiteurs sont parvenus \u00e0 prendre la fuite avec l\u2019utilitaire vol\u00e9, profitant de l\u2019arr\u00eat \u00e0 un stop de la victime. Cette derni\u00e8re a \u00e9t\u00e9 frapp\u00e9e par un individu cagoul\u00e9, le complice suivant en voiture le v\u00e9hicule vol\u00e9. Sur le plan judiciaire, une enqu\u00eate de gendarmerie est actuellement en cours.<\/p>\n<p style=\"text-align: justify;\">Enfin, dans la soir\u00e9e du vendredi 11 avril, une rixe impliquant une centaine de protagonistes a eu lieu dans le quartier du Blosne, certains \u00ab jeunes \u00bb \u00e9tant arm\u00e9s de b\u00e2tons et de battes de baseball. Des effectifs policiers ont \u00e9t\u00e9 d\u00e9p\u00each\u00e9s sur place pour mettre un terme aux violences, sans toutefois proc\u00e9der \u00e0 des interpellations. Un match de football disput\u00e9 entre deux quartiers rivaux serait \u00e0 l\u2019origine de ces violences.<\/p>\n<p style=\"text-align: justify;\">Cr\u00e9dit photo : DR (photo d\u2019illustration)<br \/>[cc] Breizh-info.com, 2025, d\u00e9p\u00eaches libres de copie et de diffusion sous r\u00e9serve de mention et de lien vers la source d\u2019origine<\/p>\n","protected":false},"excerpt":{"rendered":"La Bretagne de l\u2019Ouest a \u00e0 peine eu le temps de se remettre de la v\u00e9ritable gu\u00e9rilla urbaine&hellip;\n","protected":false},"author":2,"featured_media":24334,"comment_status":"","ping_status":"","sticky":false,"template":"","format":"standard","meta":{"footnotes":""},"categories":[2821],"tags":[1111,11,8765,829,8766,8767,1777,674,1011,27,12,8126,584,25],"class_list":{"0":"post-24333","1":"post","2":"type-post","3":"status-publish","4":"format-standard","5":"has-post-thumbnail","7":"category-rennes","8":"tag-actu","9":"tag-actualites","10":"tag-blosne","11":"tag-bretagne","12":"tag-car-jacking","13":"tag-coups-de-couteau","14":"tag-eu","15":"tag-europe","16":"tag-fr","17":"tag-france","18":"tag-news","19":"tag-pontanezen","20":"tag-rennes","21":"tag-republique-francaise"},"share_on_mastodon":{"url":"https:\/\/pubeurope.com\/@fr\/114336548999010892","error":""},"_links":{"self":[{"href":"https:\/\/www.europesays.com\/fr\/wp-json\/wp\/v2\/posts\/24333","targetHints":{"allow":["GET"]}}],"collection":[{"href":"https:\/\/www.europesays.com\/fr\/wp-json\/wp\/v2\/posts"}],"about":[{"href":"https:\/\/www.europesays.com\/fr\/wp-json\/wp\/v2\/types\/post"}],"author":[{"embeddable":true,"href":"https:\/\/www.europesays.com\/fr\/wp-json\/wp\/v2\/users\/2"}],"replies":[{"embeddable":true,"href":"https:\/\/www.europesays.com\/fr\/wp-json\/wp\/v2\/comments?post=24333"}],"version-history":[{"count":0,"href":"https:\/\/www.europesays.com\/fr\/wp-json\/wp\/v2\/posts\/24333\/revisions"}],"wp:featuredmedia":[{"embeddable":true,"href":"https:\/\/www.europesays.com\/fr\/wp-json\/wp\/v2\/media\/24334"}],"wp:attachment":[{"href":"https:\/\/www.europesays.com\/fr\/wp-json\/wp\/v2\/media?parent=24333"}],"wp:term":[{"taxonomy":"category","embeddable":true,"href":"https:\/\/www.europesays.com\/fr\/wp-json\/wp\/v2\/categories?post=24333"},{"taxonomy":"post_tag","embeddable":true,"href":"https:\/\/www.europesays.com\/fr\/wp-json\/wp\/v2\/tags?post=24333"}],"curies":[{"name":"wp","href":"https:\/\/api.w.org\/{rel}","templated":true}]}}