{"id":243337,"date":"2025-07-11T20:47:12","date_gmt":"2025-07-11T20:47:12","guid":{"rendered":"https:\/\/www.europesays.com\/fr\/243337\/"},"modified":"2025-07-11T20:47:12","modified_gmt":"2025-07-11T20:47:12","slug":"avez-vous-des-idees-pour-ces-bancs-decries-du-centre-ville-de-la-seyne-le-comite-dinteret-local-attend-vos-suggestions","status":"publish","type":"post","link":"https:\/\/www.europesays.com\/fr\/243337\/","title":{"rendered":"Avez-vous des id\u00e9es pour ces bancs d\u00e9cri\u00e9s du centre-ville de La Seyne? Le comit\u00e9 d\u2019int\u00e9r\u00eat local attend vos suggestions"},"content":{"rendered":"<p>Install\u00e9s en fin d\u2019ann\u00e9e derni\u00e8re sur le cours Louis-Blanc, <strong>les <a href=\"https:\/\/www.varmatin.com\/vie-locale\/ils-defigurent-le-marche-quel-devenir-pour-les-entourages-d-arbres-apres-une-vague-de-critiques-sur-les-reseaux-sociaux-a-la-seyne-978375\" target=\"_blank\" rel=\"noopener\">\u00ab\u00a0entourages d\u2019arbres\u00a0\u00bb en bois<\/a><\/strong> &#8211; qui peuvent aussi servir de bancs &#8211; <strong>avaient suscit\u00e9 une vague de critiques sur les r\u00e9seaux sociaux. Tant leur conception que leur esth\u00e9tique \u00e9taient point\u00e9s du doigt.<\/strong><\/p>\n<p>Mi-avril, la municipalit\u00e9 d\u00e9cidait de retirer dix-huit d\u2019entre eux situ\u00e9s sur le c\u00f4t\u00e9 gauche du cours (en montant vers la place Germain-Loro). \u00ab\u00a0Ont \u00e9t\u00e9 enlev\u00e9s ceux qui g\u00eanaient la mise en place des commer\u00e7ants\u00a0\u00bb, pr\u00e9cisait alors la Ville. Et d\u2019expliquer \u00e0 l\u2019\u00e9poque que \u00ab\u00a0tous ceux qui restent, \u00e0 droite comme \u00e0 gauche du cours, vont se voir ajouter une assise plus grande et plus confortable, qui fera le tour des arbres, et ce afin de cr\u00e9er de vrais bancs\u00a0\u00bb.<\/p>\n<p>Le CIL veut relancer un dossier \u00e0 l\u2019arr\u00eat <\/p>\n<p>Une r\u00e9flexion devait alors \u00eatre engag\u00e9e entre les services municipaux et ceux de l\u2019antenne m\u00e9tropolitaine, afin de d\u00e9terminer \u00ab\u00a0si ces assises seront en bois ou r\u00e9alis\u00e9es dans un mat\u00e9riau plus confortable (du type de celui qu\u2019on utilise sur les jeux d\u2019enfants), et id\u00e9alement avec de la couleur\u00a0\u00bb. Trois mois plus tard, le dossier n\u2019a pas avanc\u00e9, confie-t-on \u00e0 l\u2019h\u00f4tel de ville.<\/p>\n<p>Face \u00e0 cette inertie, le comit\u00e9 d\u2019int\u00e9r\u00eat local (CIL) du centre-ville initie une d\u00e9marche. \u00ab\u00a0Depuis des mois, \u00e9crit-il sur sa page Facebook, on nous dit qu&rsquo;une profonde r\u00e9flexion est engag\u00e9e \u00e0 propos du devenir de ces verrues qui d\u00e9figurent notre beau cours Louis-Blanc\u00a0\u00bb. En cons\u00e9quence, le CIL d\u00e9cide de lancer \u00ab\u00a0un appel \u00e0 suggestions\u00a0\u00bb, avec une question: \u00ab\u00a0Pensez-vous qu&rsquo;on puisse accommoder ces protections d&rsquo;arbres ou faudrait-il les remplacer, mais par quoi? Toutes vos id\u00e9es sont les bienvenues\u00a0\u00bb.<\/p>\n<p>Elles peuvent communiquer directement sur la page du CIL, ou transmises par mail \u00e0 l\u2019adresse: <a href=\"https:\/\/www.varmatin.com\/vie-locale\/mailto:cilcv83500@gmail.com\" target=\"_blank\" rel=\"noopener\">cilcv83500@gmail.com<\/a>. Le CIL pr\u00e9cise au passage que ce n\u2019est que le premier \u00ab\u00a0sondage\u00a0\u00bb qu\u2019il entreprend ; d\u2019autres suivront afin de participer \u00e0 la r\u00e9flexion sur l\u2019am\u00e9nagement du centre-ville.\u00a0<\/p>\n","protected":false},"excerpt":{"rendered":"Install\u00e9s en fin d\u2019ann\u00e9e derni\u00e8re sur le cours Louis-Blanc, les \u00ab\u00a0entourages d\u2019arbres\u00a0\u00bb en bois &#8211; qui peuvent aussi&hellip;\n","protected":false},"author":2,"featured_media":243338,"comment_status":"","ping_status":"","sticky":false,"template":"","format":"standard","meta":{"footnotes":""},"categories":[9619],"tags":[1111,11,1777,674,1011,27,12,882,25,2310,3366],"class_list":{"0":"post-243337","1":"post","2":"type-post","3":"status-publish","4":"format-standard","5":"has-post-thumbnail","7":"category-toulon","8":"tag-actu","9":"tag-actualites","10":"tag-eu","11":"tag-europe","12":"tag-fr","13":"tag-france","14":"tag-news","15":"tag-provence-alpes-cote-dazur","16":"tag-republique-francaise","17":"tag-toulon","18":"tag-vie-locale"},"share_on_mastodon":{"url":"https:\/\/pubeurope.com\/@fr\/114836566380786419","error":""},"_links":{"self":[{"href":"https:\/\/www.europesays.com\/fr\/wp-json\/wp\/v2\/posts\/243337","targetHints":{"allow":["GET"]}}],"collection":[{"href":"https:\/\/www.europesays.com\/fr\/wp-json\/wp\/v2\/posts"}],"about":[{"href":"https:\/\/www.europesays.com\/fr\/wp-json\/wp\/v2\/types\/post"}],"author":[{"embeddable":true,"href":"https:\/\/www.europesays.com\/fr\/wp-json\/wp\/v2\/users\/2"}],"replies":[{"embeddable":true,"href":"https:\/\/www.europesays.com\/fr\/wp-json\/wp\/v2\/comments?post=243337"}],"version-history":[{"count":0,"href":"https:\/\/www.europesays.com\/fr\/wp-json\/wp\/v2\/posts\/243337\/revisions"}],"wp:featuredmedia":[{"embeddable":true,"href":"https:\/\/www.europesays.com\/fr\/wp-json\/wp\/v2\/media\/243338"}],"wp:attachment":[{"href":"https:\/\/www.europesays.com\/fr\/wp-json\/wp\/v2\/media?parent=243337"}],"wp:term":[{"taxonomy":"category","embeddable":true,"href":"https:\/\/www.europesays.com\/fr\/wp-json\/wp\/v2\/categories?post=243337"},{"taxonomy":"post_tag","embeddable":true,"href":"https:\/\/www.europesays.com\/fr\/wp-json\/wp\/v2\/tags?post=243337"}],"curies":[{"name":"wp","href":"https:\/\/api.w.org\/{rel}","templated":true}]}}