{"id":243339,"date":"2025-07-11T20:49:10","date_gmt":"2025-07-11T20:49:10","guid":{"rendered":"https:\/\/www.europesays.com\/fr\/243339\/"},"modified":"2025-07-11T20:49:10","modified_gmt":"2025-07-11T20:49:10","slug":"litterature-et-cinema-africains-a-lhonneur-avec-levenement-ifrikya","status":"publish","type":"post","link":"https:\/\/www.europesays.com\/fr\/243339\/","title":{"rendered":"litt\u00e9rature et cin\u00e9ma africains \u00e0 l&rsquo;honneur avec l&rsquo;\u00e9v\u00e9nement Ifrikya"},"content":{"rendered":"<p>            Par<br \/>\n        <strong><br \/>\n            <a href=\"https:\/\/actu.fr\/auteur\/j-phan\" title=\"Consulter tous les articles de Jordan Phan\" rel=\"nofollow noopener\" target=\"_blank\">Jordan Phan<\/a><br \/>\n        <\/strong><\/p>\n<p>        Publi\u00e9 le<\/p>\n<p>            11 juil. 2025 \u00e0 17h33        <\/p>\n<p>Les <strong>Montpelli\u00e9rains<\/strong> sont invit\u00e9s le <strong>samedi 12 juillet<\/strong> de <strong>16h \u00e0 23h\u00a0<\/strong>au <strong>parc de la Guirlande<\/strong>, dans le quartier de <strong>Figuerolles<\/strong>, \u00e0 la premi\u00e8re \u00e9dition d\u2019<strong>Ifrikya<\/strong>, une journ\u00e9e d\u00e9di\u00e9e \u00e0 100% \u00e0 la <strong>culture africaine<\/strong> \u00e0 travers la <strong>po\u00e9sie<\/strong>, les <strong>contes<\/strong> et le <strong>7\u00e8me art<\/strong>.<\/p>\n<p>    <a href=\"https:\/\/www.google.com\/maps\/embed?pb=!1m18!1m12!1m3!1d2888.970547000891!2d3.858024376080423!3d43.60715485540782!2m3!1f0!2f0!3f0!3m2!1i1024!2i768!4f13.1!3m3!1m2!1s0x12b6ae541fa43151%3A0x8802442fc02f3c4e!2sParc%20de%20la%20Guirlande!5e0!3m2!1sfr!2sfr!4v1751625005754!5m2!1sfr!2sfr\" title=\"Ouvrie le lien\" rel=\"nofollow noopener\" target=\"_blank\">Cliquez ici pour visualiser le contenu<\/a><\/p>\n<p>\u00c0 quoi devons-nous s\u2019attendre ?<\/p>\n<p class=\" wall-content\">Les portes de l\u2019Afrique s\u2019ouvriront au public \u00e0 16h avec le <strong>march\u00e9 de la litt\u00e9rature et des artisans<\/strong>, bord\u00e9 tout le long d\u2019une<strong> exposition artistique<\/strong> et d\u2019une <strong>buvette<\/strong> pour vous rafra\u00eechir par ces temps ardents ! Viendront s\u2019ajouter au programme de la po\u00e9sie \u00ab\u00a0<strong>De l\u2019Afrique \u00e0 Figuerolles<\/strong>\u00a0\u00bb et un <strong>concert-conte<\/strong> orchestr\u00e9 par <strong>Soulage Baradji<\/strong> et les musiciens <strong>Le Gitan Noir<\/strong> et <strong>Jimmy Curtis<\/strong>. \u00c0 19h, le <strong>Ra\u00ef alg\u00e9rien<\/strong> sera mis \u00e0 l\u2019honneur jusqu\u2019\u00e0 20h o\u00f9 le public sera invit\u00e9 \u00e0 \u00e9changer autour des contes et Ifrikya. Et pour finir en beaut\u00e9, le 7\u00e8me art fermera le bal avec les films <strong>La Petite Vendeuse de Soleil<\/strong> et <strong>Le Franc<\/strong> r\u00e9alis\u00e9s par <strong>Djibril Diop Mamb\u00e9ty<\/strong>.<\/p>\n<p>Le musicien Wasis Diop, parrain de l\u2019\u00e9v\u00e9nement<\/p>\n<p class=\" wall-content\">Chanteur, r\u00e9alisateur, auteur-compositeur, ing\u00e9nieur du son, acteur et guitariste, <strong>Wasis Diop<\/strong> porte plusieurs casquettes. Et ces couvre-chefs lui serviront de protection contre le soleil attendu le <strong>12 juillet<\/strong>, car oui, il sera le <strong>parrain<\/strong> d\u2019Ifrikya et pr\u00e9sentera les films de son fr\u00e8re cin\u00e9aste <strong> Djibril Diop Mamb\u00e9ty<\/strong>. \u00c9galement p\u00e8re de la r\u00e9alisatrice <strong>Mati Diop<\/strong> qui a obtenu l\u2019Ours d\u2019Or lors de la Berlinale 2024 pour son film documentaire \u00ab\u00a0<strong>Dahomey<\/strong>\u00ab\u00a0, Wasis Diop est un artiste <strong>s\u00e9n\u00e9galais<\/strong> n\u00e9 \u00e0 Dakar et connu pour avoir jou\u00e9 la musique des films \u00ab\u00a0<strong>Hy\u00e8nes-Ramatou<\/strong>\u00a0\u00bb (1992) ou encore \u00ab\u00a0<strong>La Petite Vendeuse de Soleil<\/strong>\u00a0\u00bb (1999).\u00a0<\/p>\n<p>Samedi 12 juillet 2025 \u2013 Parc de la Guirlande, 2 Place Agrippa d\u2019Aubign\u00e9, Rue Tour Gayraud, 34000 Montpellier \u2013 16h \u00e0 23h \u2013 Entr\u00e9e libre et gratuite<\/p>\n<p>Vid\u00e9os : en ce moment sur Actu<\/p>\n<p class=\" wall-content\">Suivez toute l\u2019actualit\u00e9 de vos villes et m\u00e9dias favoris en vous inscrivant \u00e0 <a href=\"https:\/\/moncompte.actu.fr\" title=\"D\u00e9couvez Mon Actu\" rel=\"nofollow noopener\" data-trk=\"{&quot;cta&quot;:{&quot;action&quot;:&quot;https:\\\/\\\/moncompte.actu.fr&quot;,&quot;category&quot;:&quot;mon compte&quot;,&quot;from&quot;:&quot;article footer&quot;,&quot;name&quot;:&quot;Mon actu&quot;,&quot;type&quot;:&quot;cta&quot;}}\" target=\"_blank\">Mon Actu<\/a>.<\/p>\n","protected":false},"excerpt":{"rendered":"Par Jordan Phan Publi\u00e9 le 11 juil. 2025 \u00e0 17h33 Les Montpelli\u00e9rains sont invit\u00e9s le samedi 12 juillet&hellip;\n","protected":false},"author":2,"featured_media":243340,"comment_status":"","ping_status":"","sticky":false,"template":"","format":"standard","meta":{"footnotes":""},"categories":[9599],"tags":[1111,11,650,1777,674,849,1011,27,1652,2208,12,2680,25],"class_list":{"0":"post-243339","1":"post","2":"type-post","3":"status-publish","4":"format-standard","5":"has-post-thumbnail","7":"category-montpellier","8":"tag-actu","9":"tag-actualites","10":"tag-cinema","11":"tag-eu","12":"tag-europe","13":"tag-festival","14":"tag-fr","15":"tag-france","16":"tag-loisirs-culture","17":"tag-montpellier","18":"tag-news","19":"tag-occitanie","20":"tag-republique-francaise"},"share_on_mastodon":{"url":"https:\/\/pubeurope.com\/@fr\/114836574203456561","error":""},"_links":{"self":[{"href":"https:\/\/www.europesays.com\/fr\/wp-json\/wp\/v2\/posts\/243339","targetHints":{"allow":["GET"]}}],"collection":[{"href":"https:\/\/www.europesays.com\/fr\/wp-json\/wp\/v2\/posts"}],"about":[{"href":"https:\/\/www.europesays.com\/fr\/wp-json\/wp\/v2\/types\/post"}],"author":[{"embeddable":true,"href":"https:\/\/www.europesays.com\/fr\/wp-json\/wp\/v2\/users\/2"}],"replies":[{"embeddable":true,"href":"https:\/\/www.europesays.com\/fr\/wp-json\/wp\/v2\/comments?post=243339"}],"version-history":[{"count":0,"href":"https:\/\/www.europesays.com\/fr\/wp-json\/wp\/v2\/posts\/243339\/revisions"}],"wp:featuredmedia":[{"embeddable":true,"href":"https:\/\/www.europesays.com\/fr\/wp-json\/wp\/v2\/media\/243340"}],"wp:attachment":[{"href":"https:\/\/www.europesays.com\/fr\/wp-json\/wp\/v2\/media?parent=243339"}],"wp:term":[{"taxonomy":"category","embeddable":true,"href":"https:\/\/www.europesays.com\/fr\/wp-json\/wp\/v2\/categories?post=243339"},{"taxonomy":"post_tag","embeddable":true,"href":"https:\/\/www.europesays.com\/fr\/wp-json\/wp\/v2\/tags?post=243339"}],"curies":[{"name":"wp","href":"https:\/\/api.w.org\/{rel}","templated":true}]}}