{"id":243341,"date":"2025-07-11T20:50:15","date_gmt":"2025-07-11T20:50:15","guid":{"rendered":"https:\/\/www.europesays.com\/fr\/243341\/"},"modified":"2025-07-11T20:50:15","modified_gmt":"2025-07-11T20:50:15","slug":"acte-ii-en-sous-sol-au-musee-fabre","status":"publish","type":"post","link":"https:\/\/www.europesays.com\/fr\/243341\/","title":{"rendered":"Acte II en sous-sol au mus\u00e9e Fabre"},"content":{"rendered":"<p>\nPour son bicentenaire, le mus\u00e9e Fabre de Montpellier (H\u00e9rault) s&rsquo;offre un \u00ab diamant enfoui \u00bb, selon Emmanuel Nebout, laur\u00e9at du concours lanc\u00e9 par l&rsquo;am\u00e9nageur Alt\u00e9med en 2024 (1). D\u00e9j\u00e0 ma\u00eetre d&rsquo;\u0153uvre du r\u00e9am\u00e9nagement de l&rsquo;\u00e9tablissement en 2007, l&rsquo;architecte pilotera la cr\u00e9ation d&rsquo;un espace d&rsquo;exposition de 940 m\u00b2 \u00e0 6 m sous le parvis. D\u00e9voil\u00e9e le 19 juin, cette extension souterraine \u00e0 23,5 M\u20ac TTC r\u00e9pond \u00e0 l&rsquo;enrichissement des collections. \u00ab Etendre le mus\u00e9e Fabre, c&rsquo;est s&rsquo;inscrire dans une histoire longue, marqu\u00e9e par des strates successives m\u00ealant les XVIIe, XIXe et XXIe si\u00e8cles, et renforcer le lien entre le lieu et ses visiteurs, rappelle Emmanuel Nebout. Il faut viser l&rsquo;intemporalit\u00e9 en cr\u00e9ant un contenant pur, au service des \u0153uvres. \u00bb Dans le prolongement du hall d&rsquo;entr\u00e9e, un escalier \u00e0 double vol\u00e9e \u00e9clair\u00e9 par trois fen\u00eatres d&rsquo;\u00e9poque conduira \u00e0 la nouvelle salle. \u00ab A la fois simple et spectaculaire, il compl\u00e8te la collection d&rsquo;escaliers monumentaux du mus\u00e9e, dans une nouvelle trilogie hall, parcours permanent, salle enterr\u00e9e. Il sera vraisemblablement r\u00e9alis\u00e9 en b\u00e9ton et en pierre, pour affirmer une \u00e9criture contemporaine qui s&rsquo;int\u00e8gre harmonieusement au site \u00bb, poursuit l&rsquo;architecte.<\/p>\n<p>Recomposer l&rsquo;esplanade<\/p>\n<p>\nLa cour Soulages, travers\u00e9e au sol par \u00ab La Port\u00e9e \u00bb de Daniel Buren, et son jardin en pleine terre seront recompos\u00e9s et rebois\u00e9s, et la fa\u00e7ade du caf\u00e9 redessin\u00e9e pour \u00e9clairer l&rsquo;auditorium. L&rsquo;enjeu : op\u00e9rer une transition fluide entre l&rsquo;esplanade et le mus\u00e9e et ouvrir celui-ci sur la ville. \u00ab J&rsquo;aurais aim\u00e9 inaugurer le projet en janvier 2028, mais il a fallu tenir compte de la programmation des investissements \u00bb, admet Micha\u00ebl Delafosse, maire de Montpellier et pr\u00e9sident de la m\u00e9tropole. Pr\u00e9c\u00e9d\u00e9s de diagnostics et d&rsquo;\u00e9tudes r\u00e9alis\u00e9s jusqu&rsquo;\u00e0 l&rsquo;an prochain, les travaux d\u00e9marreront \u00e0 l&rsquo;automne 2027 pour une livraison \u00e0 l&rsquo;\u00e9t\u00e9 2029, sans fermeture de l&rsquo;\u00e9tablissement.<\/p>\n<p>\nUn second volet \u00e0 6,5 M\u20ac pr\u00e9voit une restauration lourde de la chapelle et de la pharmacie de L&rsquo;\u0152uvre de la Mis\u00e9ricorde, int\u00e9gr\u00e9es au parcours des visiteurs avec l&rsquo;h\u00f4tel Sabatier-d&rsquo;Espeyran pour former un \u00ab quartier du mus\u00e9e \u00bb.<\/p>\n<p>\n(1) L&rsquo;\u00e9quipe de ma\u00eetrise d&rsquo;\u0153uvre est \u00e9galement compos\u00e9e de BLP &amp; Associ\u00e9s, R\u00e9gis Nebout, Studio Matters, l&rsquo;agence Ter, l&rsquo;atelier Rouch, Andr\u00e9 Verdier, INSE, Tecta, Mazet &amp; Associ\u00e9s et 8&rsquo;18\u00a0\u00bb.<\/p>\n","protected":false},"excerpt":{"rendered":"Pour son bicentenaire, le mus\u00e9e Fabre de Montpellier (H\u00e9rault) s&rsquo;offre un \u00ab diamant enfoui \u00bb, selon Emmanuel Nebout,&hellip;\n","protected":false},"author":2,"featured_media":243342,"comment_status":"","ping_status":"","sticky":false,"template":"","format":"standard","meta":{"footnotes":""},"categories":[9599],"tags":[1111,11,1350,13241,1777,674,1011,27,7089,1252,2208,12,2680,4916,25,19562],"class_list":{"0":"post-243341","1":"post","2":"type-post","3":"status-publish","4":"format-standard","5":"has-post-thumbnail","7":"category-montpellier","8":"tag-actu","9":"tag-actualites","10":"tag-architecture","11":"tag-equipement-culturel","12":"tag-eu","13":"tag-europe","14":"tag-fr","15":"tag-france","16":"tag-herault","17":"tag-mediterranee","18":"tag-montpellier","19":"tag-news","20":"tag-occitanie","21":"tag-projets","22":"tag-republique-francaise","23":"tag-travaux-d-extension"},"share_on_mastodon":{"url":"https:\/\/pubeurope.com\/@fr\/114836578109745955","error":""},"_links":{"self":[{"href":"https:\/\/www.europesays.com\/fr\/wp-json\/wp\/v2\/posts\/243341","targetHints":{"allow":["GET"]}}],"collection":[{"href":"https:\/\/www.europesays.com\/fr\/wp-json\/wp\/v2\/posts"}],"about":[{"href":"https:\/\/www.europesays.com\/fr\/wp-json\/wp\/v2\/types\/post"}],"author":[{"embeddable":true,"href":"https:\/\/www.europesays.com\/fr\/wp-json\/wp\/v2\/users\/2"}],"replies":[{"embeddable":true,"href":"https:\/\/www.europesays.com\/fr\/wp-json\/wp\/v2\/comments?post=243341"}],"version-history":[{"count":0,"href":"https:\/\/www.europesays.com\/fr\/wp-json\/wp\/v2\/posts\/243341\/revisions"}],"wp:featuredmedia":[{"embeddable":true,"href":"https:\/\/www.europesays.com\/fr\/wp-json\/wp\/v2\/media\/243342"}],"wp:attachment":[{"href":"https:\/\/www.europesays.com\/fr\/wp-json\/wp\/v2\/media?parent=243341"}],"wp:term":[{"taxonomy":"category","embeddable":true,"href":"https:\/\/www.europesays.com\/fr\/wp-json\/wp\/v2\/categories?post=243341"},{"taxonomy":"post_tag","embeddable":true,"href":"https:\/\/www.europesays.com\/fr\/wp-json\/wp\/v2\/tags?post=243341"}],"curies":[{"name":"wp","href":"https:\/\/api.w.org\/{rel}","templated":true}]}}