{"id":24335,"date":"2025-04-14T13:27:09","date_gmt":"2025-04-14T13:27:09","guid":{"rendered":"https:\/\/www.europesays.com\/fr\/24335\/"},"modified":"2025-04-14T13:27:09","modified_gmt":"2025-04-14T13:27:09","slug":"edition-lautrice-japonaise-michiko-aoyama-a-strasbourg-ce-mardi","status":"publish","type":"post","link":"https:\/\/www.europesays.com\/fr\/24335\/","title":{"rendered":"\u00c9dition. L\u2019autrice japonaise Michiko Aoyama \u00e0 Strasbourg ce mardi"},"content":{"rendered":"<p>L\u2019autrice japonaise Michiko Aoyama s\u00e9duit les adeptes de litt\u00e9rature \u201cfeel good\u201d. Son best-seller, La biblioth\u00e8que des r\u00eaves secrets, avoisine ainsi les deux\u00a0millions de lecteurs. \u00c0 Strasbourg ce mardi, elle pr\u00e9sente son dernier, Rencontres au parc Hinode. Dans un style limpide, elle invite \u00e0 suivre les habitants d\u2019un immeuble tout juste sorti de terre en p\u00e9riph\u00e9rie de Tokyo. \u00c0 chaque chapitre son personnage, aux prisex avec des difficult\u00e9s symptomatiques de nos solitudes contemporaines. Un hippopotame en b\u00e9ton fatigu\u00e9 dans une aire de jeux fait office d\u2019adjuvant inattendu.<\/p>\n<p class=\"note\">Rencontres au parc Hinode , traduction Alice Hureau, \u00e9ditions NaMi, 245 pages, 20\u20ac. Rencontre avec Michiko Aoyama mardi 15\u00a0avril \u00e0 18h \u00e0 la librairie Kl\u00e9ber \u00e0 Strasbourg. Gratuit, sur inscription.<\/p>\n","protected":false},"excerpt":{"rendered":"L\u2019autrice japonaise Michiko Aoyama s\u00e9duit les adeptes de litt\u00e9rature \u201cfeel good\u201d. Son best-seller, La biblioth\u00e8que des r\u00eaves secrets,&hellip;\n","protected":false},"author":2,"featured_media":24336,"comment_status":"","ping_status":"","sticky":false,"template":"","format":"standard","meta":{"footnotes":""},"categories":[2820],"tags":[1111,11,2389,1687,2880,1777,674,107,1011,27,775,2410,12,25,640,2879],"class_list":{"0":"post-24335","1":"post","2":"type-post","3":"status-publish","4":"format-standard","5":"has-post-thumbnail","7":"category-strasbourg","8":"tag-actu","9":"tag-actualites","10":"tag-alsace","11":"tag-culture-loisirs","12":"tag-edition-strasbourg","13":"tag-eu","14":"tag-europe","15":"tag-fil-info","16":"tag-fr","17":"tag-france","18":"tag-grand-est","19":"tag-livres-bd","20":"tag-news","21":"tag-republique-francaise","22":"tag-strasbourg","23":"tag-strasbourg-ville"},"share_on_mastodon":{"url":"https:\/\/pubeurope.com\/@fr\/114336552934236619","error":""},"_links":{"self":[{"href":"https:\/\/www.europesays.com\/fr\/wp-json\/wp\/v2\/posts\/24335","targetHints":{"allow":["GET"]}}],"collection":[{"href":"https:\/\/www.europesays.com\/fr\/wp-json\/wp\/v2\/posts"}],"about":[{"href":"https:\/\/www.europesays.com\/fr\/wp-json\/wp\/v2\/types\/post"}],"author":[{"embeddable":true,"href":"https:\/\/www.europesays.com\/fr\/wp-json\/wp\/v2\/users\/2"}],"replies":[{"embeddable":true,"href":"https:\/\/www.europesays.com\/fr\/wp-json\/wp\/v2\/comments?post=24335"}],"version-history":[{"count":0,"href":"https:\/\/www.europesays.com\/fr\/wp-json\/wp\/v2\/posts\/24335\/revisions"}],"wp:featuredmedia":[{"embeddable":true,"href":"https:\/\/www.europesays.com\/fr\/wp-json\/wp\/v2\/media\/24336"}],"wp:attachment":[{"href":"https:\/\/www.europesays.com\/fr\/wp-json\/wp\/v2\/media?parent=24335"}],"wp:term":[{"taxonomy":"category","embeddable":true,"href":"https:\/\/www.europesays.com\/fr\/wp-json\/wp\/v2\/categories?post=24335"},{"taxonomy":"post_tag","embeddable":true,"href":"https:\/\/www.europesays.com\/fr\/wp-json\/wp\/v2\/tags?post=24335"}],"curies":[{"name":"wp","href":"https:\/\/api.w.org\/{rel}","templated":true}]}}