{"id":243357,"date":"2025-07-11T20:59:24","date_gmt":"2025-07-11T20:59:24","guid":{"rendered":"https:\/\/www.europesays.com\/fr\/243357\/"},"modified":"2025-07-11T20:59:24","modified_gmt":"2025-07-11T20:59:24","slug":"pumptrack-au-tour-de-cagnes-sur-mer-de-sy-mettre","status":"publish","type":"post","link":"https:\/\/www.europesays.com\/fr\/243357\/","title":{"rendered":"Pumptrack : Au tour de Cagnes-sur-Mer de s\u2019y mettre !"},"content":{"rendered":"<p>                    <img loading=\"lazy\" decoding=\"async\" src=\"https:\/\/www.europesays.com\/fr\/wp-content\/uploads\/2025\/07\/bdec388ead69594e6745c01594618e.jpg\" class=\"img-responsive post-image\" width=\"680\" height=\"510\" alt=\"Pumptrack : Au tour (\u2026)\" title=\"Pumptrack : Au tour de Cagnes-sur-Mer de s'y mettre !\"\/><\/p>\n<p class=\"chapo\">\u00c0 l\u2019entr\u00e9e de la ville, face \u00e0 l\u2019hippodrome, le front de mer accueille d\u00e9sormais un pumptrack flambant neuf. Un projet inaugur\u00e9 dimanche 29 juin par le maire Louis N\u00e8gre.<\/p>\n<p>Tout est parti d\u2019un simple bout de b\u00e9ton sur la digue.<\/p>\n<p>Un jour, le maire s\u2019y prom\u00e8ne \u00e0 v\u00e9lo et aper\u00e7oit des jeunes en pleine session de glisse. \u00ab\u00a0Je les voyais s\u2019entra\u00eener sur le rebord en b\u00e9ton. Intrigu\u00e9, je les interpelle\u00a0: Mais qu\u2019est-ce que vous faites l\u00e0\u00a0?\u00a0\u00bb La r\u00e9ponse fuse\u00a0: \u00ab\u00a0 Ici monsieur, c\u2019est unique dans le monde, c\u2019est exceptionnel, c\u2019est un spot\u00a0! \u00a0\u00bb Avec la vue imprenable sur la M\u00e9diterran\u00e9e, le Mercantour en arri\u00e8re-plan, l\u2019hippodrome, le ch\u00e2teau&#8230; Puis, en Normandie, lors d\u2019un d\u00e9placement, l\u2019\u00e9lu d\u00e9couvre un pumptrack. L\u2019ambiance conviviale finit de le convaincre\u00a0: \u00ab\u00a0On va faire \u00e7a \u00e0 Cagnes, \u00e0 cet endroit pr\u00e9cis, parce que les jeunes le voulaient ici.\u00a0\u00bb<\/p>\n<p> <a href=\"https:\/\/www.europesays.com\/fr\/wp-content\/uploads\/2025\/07\/pumptrack_cagnes_sur_mere.png\" class=\"spip_doc_lien mediabox\" type=\"image\/png\"><br \/>\n\t\t<img loading=\"lazy\" decoding=\"async\" src=\"https:\/\/www.europesays.com\/fr\/wp-content\/uploads\/2025\/07\/pumptrack_cagnes_sur_mere.png\" width=\"875\" height=\"613\" alt=\"\"\/><\/a><\/p>\n<p>\u00a9MM\n<\/p>\n<p>Un pumptrack aux couleurs des Bruni<\/p>\n<p>Ruban coup\u00e9, plaque d\u00e9voil\u00e9e. Le site porte d\u00e9sormais le nom de<strong> Jean-Pierre et Lo\u00efc Bruni,<\/strong> deux figures du VTT originaires de Cagnes. \u00ab\u00a0Ils ont fait rayonner la ville dans le monde entier \u00a0\u00bb, souligne le maire. Jean-Pierre Bruni salue l\u2019audace du projet\u00a0: \u00ab\u00a0 Il fallait du culot. Vous l\u2019avez eu.\u00a0\u00bb Son fils Lo\u00efc, quintuple champion du monde de VTT descente, f\u00e9licite \u00ab\u00a0une belle r\u00e9ussite\u00a0\u00bb, tout en rappelant\u00a0: \u00ab\u00a0 C\u2019est fun, mais un peu dangereux. Respectez les r\u00e8gles. \u00a0\u00bb<\/p>\n<blockquote class=\"spip\">\n<p>\t\t<img loading=\"lazy\" decoding=\"async\" src=\"https:\/\/www.europesays.com\/fr\/wp-content\/uploads\/2025\/07\/vertical_article_small-20.png\" width=\"225\" height=\"278\" alt=\"\"\/><\/p>\n<p>\u00a9MM\n<\/p>\n<p>Lo\u00efc Bruni, quintuple champion du monde de VVT descente a test\u00e9 la piste\u00a0: \u00ab\u00a0\u00a0C\u2019est r\u00e9ussi, il n\u2019y a pas d\u2019obstacles bizarres ou dangereux, les petits s\u2019amusent, les grands sautent o\u00f9 ils peuvent le faire. Cela pousse les jeunes \u00e0 aller faire du sport, \u00e0 passer du temps ensemble. Mais interdiction de rouler sans casque, l\u2019\u00e9quipement est super important car la chute peut faire mal. On s\u2019\u00e9quipe au niveau des genoux, du plastron aussi, les coudes, et le shorty m\u00eame au niveau des hanches, avec les bonnes chaussures, le pantalon long, le casque bien s\u00fbr et les gants.\u00a0\u00bb<\/p>\n<\/blockquote>\n<p>\t\t<img loading=\"lazy\" decoding=\"async\" src=\"https:\/\/www.europesays.com\/fr\/wp-content\/uploads\/2025\/07\/revue_de_presse-3.png\" width=\"750\" height=\"525\" alt=\"\"\/><\/p>\n<p>\u00a9MM\n<\/p>\n<p>Un lieu interg\u00e9n\u00e9rationnel<\/p>\n<p>\t\t<img loading=\"lazy\" decoding=\"async\" src=\"https:\/\/www.europesays.com\/fr\/wp-content\/uploads\/2025\/07\/vertical_article_small_copie-5.png\" width=\"300\" height=\"370\" alt=\"\"\/><\/p>\n<p>\u00a9MM\n<\/p>\n<p>Le pumptrack a co\u00fbt\u00e9 880 000 \u20ac, dont 549 000 \u20ac pris en charge par la commune. L\u2019\u00e9quipement comprend une piste de 400 m\u00e8tres, une zone pour d\u00e9butants, 1 300 v\u00e9g\u00e9taux, de la vid\u00e9osurveillance, des haut-parleurs, et un \u00e9ducateur qui sera pr\u00e9sent chaque soir de semaine de 18h \u00e0 20h. \u00ab\u00a0Bien plus qu\u2019un terrain de jeu, c\u2019est un espace de libert\u00e9, de cr\u00e9ativit\u00e9 et d\u2019effort\u00a0\u00bb, insiste <strong>Andr\u00e9 Rihan<\/strong>, adjoint au maire d\u00e9l\u00e9gu\u00e9 aux Sports. <br class=\"autobr\"\/><br \/>\nSkate, trottinette, roller, BMX\u2026 toutes les roues sont les bienvenues. David, quadrag\u00e9naire, a ressorti sa planche de skate apr\u00e8s vingt ans de pause. \u00ab\u00a0 Ce lieu est incroyable, on a envie de progresser.\u00a0\u00bb Coralie, jeune maman licenci\u00e9e au club de BMX de Cagnes-sur-Mer, encha\u00eene les tours. \u00ab\u00a0 Je m\u2019y suis mise il y a six mois. Mon fils de 5 ans a \u00e9t\u00e9 le premier \u00e0 tester la piste.\u00a0\u00bb Un \u00e9quipement pens\u00e9 pour toutes les g\u00e9n\u00e9rations\u00a0!<\/p>\n<p><strong>L\u2019essor des pumptracks dans les Alpes-Maritimes<\/strong><br class=\"autobr\"\/><br \/>\nL\u2019\u00e9quipement de Cagnes-sur-Mer s\u2019ajoute aux cinq pistes d\u00e9j\u00e0 en service entre Carros et P\u00e9gomas, tandis qu\u2019un nouveau circuit est en cours de construction \u00e0 Breil-sur-Roya. En montagne aussi, la tendance prend de l\u2019altitude\u00a0: Valberg s\u2019est r\u00e9cemment dot\u00e9 d\u2019une piste, et Isola 2000 peut se targuer de poss\u00e9der le pumptrack le plus haut de France \u2013 et m\u00eame d\u2019Europe.<\/p>\n<p>\t\t<img loading=\"lazy\" decoding=\"async\" src=\"https:\/\/www.europesays.com\/fr\/wp-content\/uploads\/2025\/07\/revue_de_presse_copie-2.png\" width=\"750\" height=\"525\" alt=\"\"\/><\/p>\n<p>\u00a9MM<\/p>\n","protected":false},"excerpt":{"rendered":"\u00c0 l\u2019entr\u00e9e de la ville, face \u00e0 l\u2019hippodrome, le front de mer accueille d\u00e9sormais un pumptrack flambant neuf.&hellip;\n","protected":false},"author":2,"featured_media":243358,"comment_status":"","ping_status":"","sticky":false,"template":"","format":"standard","meta":{"footnotes":""},"categories":[2819],"tags":[1111,11,2408,1777,674,1011,27,12,2401,882,25],"class_list":{"0":"post-243357","1":"post","2":"type-post","3":"status-publish","4":"format-standard","5":"has-post-thumbnail","7":"category-nice","8":"tag-actu","9":"tag-actualites","10":"tag-appels-d","11":"tag-eu","12":"tag-europe","13":"tag-fr","14":"tag-france","15":"tag-news","16":"tag-nice","17":"tag-provence-alpes-cote-dazur","18":"tag-republique-francaise"},"share_on_mastodon":{"url":"https:\/\/pubeurope.com\/@fr\/114836613826881310","error":""},"_links":{"self":[{"href":"https:\/\/www.europesays.com\/fr\/wp-json\/wp\/v2\/posts\/243357","targetHints":{"allow":["GET"]}}],"collection":[{"href":"https:\/\/www.europesays.com\/fr\/wp-json\/wp\/v2\/posts"}],"about":[{"href":"https:\/\/www.europesays.com\/fr\/wp-json\/wp\/v2\/types\/post"}],"author":[{"embeddable":true,"href":"https:\/\/www.europesays.com\/fr\/wp-json\/wp\/v2\/users\/2"}],"replies":[{"embeddable":true,"href":"https:\/\/www.europesays.com\/fr\/wp-json\/wp\/v2\/comments?post=243357"}],"version-history":[{"count":0,"href":"https:\/\/www.europesays.com\/fr\/wp-json\/wp\/v2\/posts\/243357\/revisions"}],"wp:featuredmedia":[{"embeddable":true,"href":"https:\/\/www.europesays.com\/fr\/wp-json\/wp\/v2\/media\/243358"}],"wp:attachment":[{"href":"https:\/\/www.europesays.com\/fr\/wp-json\/wp\/v2\/media?parent=243357"}],"wp:term":[{"taxonomy":"category","embeddable":true,"href":"https:\/\/www.europesays.com\/fr\/wp-json\/wp\/v2\/categories?post=243357"},{"taxonomy":"post_tag","embeddable":true,"href":"https:\/\/www.europesays.com\/fr\/wp-json\/wp\/v2\/tags?post=243357"}],"curies":[{"name":"wp","href":"https:\/\/api.w.org\/{rel}","templated":true}]}}